{"id":3265,"date":"2019-12-20T13:20:10","date_gmt":"2019-12-20T12:20:10","guid":{"rendered":"http:\/\/agora.xtec.cat\/ceip-catalunya-sabadell\/?p=3265"},"modified":"2019-12-20T13:21:49","modified_gmt":"2019-12-20T12:21:49","slug":"pastorets-2019","status":"publish","type":"post","link":"https:\/\/agora.xtec.cat\/ceip-catalunya-sabadell\/general\/pastorets-2019\/","title":{"rendered":"PASTORETS 2019 !!!!!!!!"},"content":{"rendered":"<p>Ja els hem tornat a tenir aqu\u00ed !!!!!<\/p>\n<p>Els alumnes de sis\u00e8 s&#8217;ha tornat a superar amb la representaci\u00f3 dels PASTORETS, enguany hi ha hagut moltes sorpreses i varietat de produccions que han sorpr\u00e8s a l&#8217;espectador. Ha estat un treball d&#8217;equip on els alumnes, mestres i fam\u00edlies s&#8217;han esfor\u00e7at perqu\u00e8 tot sort\u00eds sobre rodes. El resultat ha estat m\u00e0gic, emoci\u00f3 assegurada i hem gaudit tots plegats de l&#8217;experi\u00e8ncia, de ben segur que no ho oblidarem mai. Aqu\u00ed us deixem un recull dels moments molt especials. Bones festes!!!!!!<\/p>\n<p>CLIQUEU A LA FOTO PER ACCEDIR A L&#8217;\u00c0LBUM<\/p>\n<p><a href=\"https:\/\/photos.app.goo.gl\/FFPNJnnpY8Codg947\"><img loading=\"lazy\" decoding=\"async\" class=\"alignnone size-full wp-image-3266\" src=\"https:\/\/agora.xtec.cat\/ceip-catalunya-sabadell\/wp-content\/uploads\/usu823\/2019\/12\/ce48029a-0eb2-4765-92cb-40dc41987a5c_Original-1.jpg\" alt=\"\" width=\"640\" height=\"399\" srcset=\"https:\/\/agora.xtec.cat\/ceip-catalunya-sabadell\/wp-content\/uploads\/usu823\/2019\/12\/ce48029a-0eb2-4765-92cb-40dc41987a5c_Original-1.jpg 640w, https:\/\/agora.xtec.cat\/ceip-catalunya-sabadell\/wp-content\/uploads\/usu823\/2019\/12\/ce48029a-0eb2-4765-92cb-40dc41987a5c_Original-1-300x187.jpg 300w\" sizes=\"auto, (max-width: 640px) 100vw, 640px\" \/><\/a><\/p>\n","protected":false},"excerpt":{"rendered":"<p>Ja els hem tornat a tenir aqu\u00ed !!!!!<br \/>\nEls alumnes de sis\u00e8 s&#8217;ha tornat a superar amb la representaci\u00f3 dels PASTORETS, enguany hi ha hagut moltes sorpreses i varietat de produccions que han sorpr\u00e8s a l&#8217;espectador. Ha estat un treball d&#8217;equip on els alumnes, mestres i&hellip;  <a href=\"https:\/\/agora.xtec.cat\/ceip-catalunya-sabadell\/general\/pastorets-2019\/\" title=\"Read PASTORETS 2019 !!!!!!!!\">Llegeix m\u00e9s\u00bb<\/a><\/p>\n","protected":false},"author":5,"featured_media":3266,"comment_status":"open","ping_status":"closed","sticky":false,"template":"","format":"standard","meta":{"_bbp_topic_count":0,"_bbp_reply_count":0,"_bbp_total_topic_count":0,"_bbp_total_reply_count":0,"_bbp_voice_count":0,"_bbp_anonymous_reply_count":0,"_bbp_topic_count_hidden":0,"_bbp_reply_count_hidden":0,"_bbp_forum_subforum_count":0,"footnotes":""},"categories":[15,1,4,37],"tags":[],"class_list":["post-3265","post","type-post","status-publish","format-standard","has-post-thumbnail","hentry","category-6e","category-general","category-portada","category-teatre"],"post_mailing_queue_ids":[],"_links":{"self":[{"href":"https:\/\/agora.xtec.cat\/ceip-catalunya-sabadell\/wp-json\/wp\/v2\/posts\/3265","targetHints":{"allow":["GET"]}}],"collection":[{"href":"https:\/\/agora.xtec.cat\/ceip-catalunya-sabadell\/wp-json\/wp\/v2\/posts"}],"about":[{"href":"https:\/\/agora.xtec.cat\/ceip-catalunya-sabadell\/wp-json\/wp\/v2\/types\/post"}],"author":[{"embeddable":true,"href":"https:\/\/agora.xtec.cat\/ceip-catalunya-sabadell\/wp-json\/wp\/v2\/users\/5"}],"replies":[{"embeddable":true,"href":"https:\/\/agora.xtec.cat\/ceip-catalunya-sabadell\/wp-json\/wp\/v2\/comments?post=3265"}],"version-history":[{"count":3,"href":"https:\/\/agora.xtec.cat\/ceip-catalunya-sabadell\/wp-json\/wp\/v2\/posts\/3265\/revisions"}],"predecessor-version":[{"id":3268,"href":"https:\/\/agora.xtec.cat\/ceip-catalunya-sabadell\/wp-json\/wp\/v2\/posts\/3265\/revisions\/3268"}],"wp:featuredmedia":[{"embeddable":true,"href":"https:\/\/agora.xtec.cat\/ceip-catalunya-sabadell\/wp-json\/wp\/v2\/media\/3266"}],"wp:attachment":[{"href":"https:\/\/agora.xtec.cat\/ceip-catalunya-sabadell\/wp-json\/wp\/v2\/media?parent=3265"}],"wp:term":[{"taxonomy":"category","embeddable":true,"href":"https:\/\/agora.xtec.cat\/ceip-catalunya-sabadell\/wp-json\/wp\/v2\/categories?post=3265"},{"taxonomy":"post_tag","embeddable":true,"href":"https:\/\/agora.xtec.cat\/ceip-catalunya-sabadell\/wp-json\/wp\/v2\/tags?post=3265"}],"curies":[{"name":"wp","href":"https:\/\/api.w.org\/{rel}","templated":true}]}}