{"id":3247,"date":"2019-12-16T16:50:51","date_gmt":"2019-12-16T15:50:51","guid":{"rendered":"http:\/\/agora.xtec.cat\/ceip-catalunya-sabadell\/?p=3247"},"modified":"2019-12-16T17:14:00","modified_gmt":"2019-12-16T16:14:00","slug":"festa-ampa-la-marato","status":"publish","type":"post","link":"https:\/\/agora.xtec.cat\/ceip-catalunya-sabadell\/infantil\/festa-ampa-la-marato\/","title":{"rendered":"Festa AMPA La Marat\u00f3"},"content":{"rendered":"<div>Benvolgudes fam\u00edlies,<\/div>\n<div><\/div>\n<div>dissabte passat es va celebrar a l&#8217;escola una jornada solid\u00e0ria per La Marat\u00f3 de TV3, dedicada enguany a les malalties minorit\u00e0ries, organitzada per l&#8217;AMPA i amb la col\u00b7laboraci\u00f3 de Monitaula<\/div>\n<div>(menjador i extraescolars) i alumnes voluntaris i volunt\u00e0ries de sis\u00e8 i\u00a0 de l&#8217;Institut Vall\u00e8s<\/div>\n<div><\/div>\n<div>Des de l&#8217;escola, volem agrair a totes les persones participants haver fet possible gaudir d&#8217;una bonica experi\u00e8ncia compartida i amb tant bon resultat: es van aconseguir recaptar\u00a0 <b>825,82\u20ac<\/b><\/div>\n<div><\/div>\n<div>Moltes gr\u00e0cies!<\/div>\n<div><\/div>\n<div><a href=\"https:\/\/photos.app.goo.gl\/7SzEYgjukoLccAS4A\"><img loading=\"lazy\" decoding=\"async\" class=\"size-medium wp-image-3248 aligncenter\" src=\"https:\/\/agora.xtec.cat\/ceip-catalunya-sabadell\/wp-content\/uploads\/usu823\/2019\/12\/4e115e66-08dc-4aff-a5cd-88493483ad60-225x300.jpg\" alt=\"\" width=\"225\" height=\"300\" srcset=\"https:\/\/agora.xtec.cat\/ceip-catalunya-sabadell\/wp-content\/uploads\/usu823\/2019\/12\/4e115e66-08dc-4aff-a5cd-88493483ad60-225x300.jpg 225w, https:\/\/agora.xtec.cat\/ceip-catalunya-sabadell\/wp-content\/uploads\/usu823\/2019\/12\/4e115e66-08dc-4aff-a5cd-88493483ad60-768x1024.jpg 768w, https:\/\/agora.xtec.cat\/ceip-catalunya-sabadell\/wp-content\/uploads\/usu823\/2019\/12\/4e115e66-08dc-4aff-a5cd-88493483ad60.jpg 1536w\" sizes=\"auto, (max-width: 225px) 100vw, 225px\" \/><\/a><\/div>\n","protected":false},"excerpt":{"rendered":"<p>Benvolgudes fam\u00edlies,<\/p>\n<p>dissabte passat es va celebrar a l&#8217;escola una jornada solid\u00e0ria per La Marat\u00f3 de TV3, dedicada enguany a les malalties minorit\u00e0ries, organitzada per l&#8217;AMPA i amb la col\u00b7laboraci\u00f3 de Monitaula<br \/>\n(menjador i extraescolars) i alumnes voluntaris i volunt\u00e0ries de sis\u00e8 i\u00a0 de l&#8217;Institut Vall\u00e8s<\/p>\n<p>Des de&hellip;  <a href=\"https:\/\/agora.xtec.cat\/ceip-catalunya-sabadell\/infantil\/festa-ampa-la-marato\/\" title=\"Read Festa AMPA La Marat\u00f3\">Llegeix m\u00e9s\u00bb<\/a><\/p>\n","protected":false},"author":22,"featured_media":3249,"comment_status":"open","ping_status":"closed","sticky":false,"template":"","format":"standard","meta":{"_bbp_topic_count":0,"_bbp_reply_count":0,"_bbp_total_topic_count":0,"_bbp_total_reply_count":0,"_bbp_voice_count":0,"_bbp_anonymous_reply_count":0,"_bbp_topic_count_hidden":0,"_bbp_reply_count_hidden":0,"_bbp_forum_subforum_count":0,"footnotes":""},"categories":[2,4,5],"tags":[],"class_list":["post-3247","post","type-post","status-publish","format-standard","has-post-thumbnail","hentry","category-infantil","category-portada","category-primaria"],"post_mailing_queue_ids":[],"_links":{"self":[{"href":"https:\/\/agora.xtec.cat\/ceip-catalunya-sabadell\/wp-json\/wp\/v2\/posts\/3247","targetHints":{"allow":["GET"]}}],"collection":[{"href":"https:\/\/agora.xtec.cat\/ceip-catalunya-sabadell\/wp-json\/wp\/v2\/posts"}],"about":[{"href":"https:\/\/agora.xtec.cat\/ceip-catalunya-sabadell\/wp-json\/wp\/v2\/types\/post"}],"author":[{"embeddable":true,"href":"https:\/\/agora.xtec.cat\/ceip-catalunya-sabadell\/wp-json\/wp\/v2\/users\/22"}],"replies":[{"embeddable":true,"href":"https:\/\/agora.xtec.cat\/ceip-catalunya-sabadell\/wp-json\/wp\/v2\/comments?post=3247"}],"version-history":[{"count":3,"href":"https:\/\/agora.xtec.cat\/ceip-catalunya-sabadell\/wp-json\/wp\/v2\/posts\/3247\/revisions"}],"predecessor-version":[{"id":3252,"href":"https:\/\/agora.xtec.cat\/ceip-catalunya-sabadell\/wp-json\/wp\/v2\/posts\/3247\/revisions\/3252"}],"wp:featuredmedia":[{"embeddable":true,"href":"https:\/\/agora.xtec.cat\/ceip-catalunya-sabadell\/wp-json\/wp\/v2\/media\/3249"}],"wp:attachment":[{"href":"https:\/\/agora.xtec.cat\/ceip-catalunya-sabadell\/wp-json\/wp\/v2\/media?parent=3247"}],"wp:term":[{"taxonomy":"category","embeddable":true,"href":"https:\/\/agora.xtec.cat\/ceip-catalunya-sabadell\/wp-json\/wp\/v2\/categories?post=3247"},{"taxonomy":"post_tag","embeddable":true,"href":"https:\/\/agora.xtec.cat\/ceip-catalunya-sabadell\/wp-json\/wp\/v2\/tags?post=3247"}],"curies":[{"name":"wp","href":"https:\/\/api.w.org\/{rel}","templated":true}]}}