{"id":3239,"date":"2019-12-13T09:56:07","date_gmt":"2019-12-13T08:56:07","guid":{"rendered":"http:\/\/agora.xtec.cat\/ceip-catalunya-sabadell\/?p=3239"},"modified":"2019-12-13T09:56:07","modified_gmt":"2019-12-13T08:56:07","slug":"cim-daligues-3r","status":"publish","type":"post","link":"https:\/\/agora.xtec.cat\/ceip-catalunya-sabadell\/portada\/cim-daligues-3r\/","title":{"rendered":"Cim d&#8217;\u00c0ligues, 3r"},"content":{"rendered":"<p>Fa uns dies els grups de 3r vam anar a Sant Feliu de Codines per visitar el centre de recuperaci\u00f3 d&#8217;aus &#8220;Cim d&#8217;\u00c0ligues&#8221;.<\/p>\n<p>Vam aprendre molt\u00edssimes coses sobre les aus rapinyaires: com tenen el cos, qu\u00e8 mengen, els perills amb els que viuen, les seves presses&#8230; L&#8217;estona de vol va ser magn\u00edfica i vam poder veure les aus molt de prop (algunes fins i tot ens van arribar a tocar).<\/p>\n<p>Ha valgut molt la pena!! Aqu\u00ed us deixem un recull de les <a href=\"https:\/\/photos.app.goo.gl\/pbwmamrPyktKYdFw8\">fotografies del dia.<\/a><\/p>\n","protected":false},"excerpt":{"rendered":"<p>Fa uns dies els grups de 3r vam anar a Sant Feliu de Codines per visitar el centre de recuperaci\u00f3 d&#8217;aus &#8220;Cim d&#8217;\u00c0ligues&#8221;.<br \/>\nVam aprendre molt\u00edssimes coses sobre les aus rapinyaires: com tenen el cos, qu\u00e8 mengen, els perills amb els que viuen, les seves presses&#8230;&hellip;  <a href=\"https:\/\/agora.xtec.cat\/ceip-catalunya-sabadell\/portada\/cim-daligues-3r\/\" title=\"Read Cim d&#8217;\u00c0ligues, 3r\">Llegeix m\u00e9s\u00bb<\/a><\/p>\n","protected":false},"author":60,"featured_media":0,"comment_status":"open","ping_status":"closed","sticky":false,"template":"","format":"standard","meta":{"_bbp_topic_count":0,"_bbp_reply_count":0,"_bbp_total_topic_count":0,"_bbp_total_reply_count":0,"_bbp_voice_count":0,"_bbp_anonymous_reply_count":0,"_bbp_topic_count_hidden":0,"_bbp_reply_count_hidden":0,"_bbp_forum_subforum_count":0,"footnotes":""},"categories":[4,5],"tags":[],"class_list":["post-3239","post","type-post","status-publish","format-standard","hentry","category-portada","category-primaria"],"post_mailing_queue_ids":[],"_links":{"self":[{"href":"https:\/\/agora.xtec.cat\/ceip-catalunya-sabadell\/wp-json\/wp\/v2\/posts\/3239","targetHints":{"allow":["GET"]}}],"collection":[{"href":"https:\/\/agora.xtec.cat\/ceip-catalunya-sabadell\/wp-json\/wp\/v2\/posts"}],"about":[{"href":"https:\/\/agora.xtec.cat\/ceip-catalunya-sabadell\/wp-json\/wp\/v2\/types\/post"}],"author":[{"embeddable":true,"href":"https:\/\/agora.xtec.cat\/ceip-catalunya-sabadell\/wp-json\/wp\/v2\/users\/60"}],"replies":[{"embeddable":true,"href":"https:\/\/agora.xtec.cat\/ceip-catalunya-sabadell\/wp-json\/wp\/v2\/comments?post=3239"}],"version-history":[{"count":1,"href":"https:\/\/agora.xtec.cat\/ceip-catalunya-sabadell\/wp-json\/wp\/v2\/posts\/3239\/revisions"}],"predecessor-version":[{"id":3240,"href":"https:\/\/agora.xtec.cat\/ceip-catalunya-sabadell\/wp-json\/wp\/v2\/posts\/3239\/revisions\/3240"}],"wp:attachment":[{"href":"https:\/\/agora.xtec.cat\/ceip-catalunya-sabadell\/wp-json\/wp\/v2\/media?parent=3239"}],"wp:term":[{"taxonomy":"category","embeddable":true,"href":"https:\/\/agora.xtec.cat\/ceip-catalunya-sabadell\/wp-json\/wp\/v2\/categories?post=3239"},{"taxonomy":"post_tag","embeddable":true,"href":"https:\/\/agora.xtec.cat\/ceip-catalunya-sabadell\/wp-json\/wp\/v2\/tags?post=3239"}],"curies":[{"name":"wp","href":"https:\/\/api.w.org\/{rel}","templated":true}]}}