{"id":3224,"date":"2019-12-01T19:09:09","date_gmt":"2019-12-01T18:09:09","guid":{"rendered":"http:\/\/agora.xtec.cat\/ceip-catalunya-sabadell\/?p=3224"},"modified":"2019-12-01T19:09:09","modified_gmt":"2019-12-01T18:09:09","slug":"la-marina-i-el-xavi-super-musics","status":"publish","type":"post","link":"https:\/\/agora.xtec.cat\/ceip-catalunya-sabadell\/portada\/la-marina-i-el-xavi-super-musics\/","title":{"rendered":"LA MARINA I EL XAVI, S\u00daPER M\u00daSICS"},"content":{"rendered":"<p>Els pares de la N\u00faria (p3) i de la Laia (p4) ens han ofert un espectacular concert instrumental de les can\u00e7ons que cantem a\u00a0 la classe. Ha estat molt bonic i impressionant sentir el saxo, el clarinet o la trompa en directe i encara m\u00e9s recon\u00e8ixer les can\u00e7ons treballades i acompanyar-les cantant i\/o gestualment.<\/p>\n<p><a href=\"https:\/\/youtu.be\/dsaX6Z3TE8Q\">CLICA AQU\u00cd SOBRE PER VEURE EL VIDEO<\/a><\/p>\n","protected":false},"excerpt":{"rendered":"<p>Els pares de la N\u00faria (p3) i de la Laia (p4) ens han ofert un espectacular concert instrumental de les can\u00e7ons que cantem a\u00a0 la classe. Ha estat molt bonic i impressionant sentir el saxo, el clarinet o la trompa en directe i encara m\u00e9s&hellip;  <a href=\"https:\/\/agora.xtec.cat\/ceip-catalunya-sabadell\/portada\/la-marina-i-el-xavi-super-musics\/\" title=\"Read LA MARINA I EL XAVI, S\u00daPER M\u00daSICS\">Llegeix m\u00e9s\u00bb<\/a><\/p>\n","protected":false},"author":39,"featured_media":3226,"comment_status":"open","ping_status":"closed","sticky":false,"template":"","format":"standard","meta":{"_bbp_topic_count":0,"_bbp_reply_count":0,"_bbp_total_topic_count":0,"_bbp_total_reply_count":0,"_bbp_voice_count":0,"_bbp_anonymous_reply_count":0,"_bbp_topic_count_hidden":0,"_bbp_reply_count_hidden":0,"_bbp_forum_subforum_count":0,"footnotes":""},"categories":[118,36,44,4],"tags":[],"class_list":["post-3224","post","type-post","status-publish","format-standard","has-post-thumbnail","hentry","category-promocio19-28","category-festes","category-musica","category-portada"],"post_mailing_queue_ids":[],"_links":{"self":[{"href":"https:\/\/agora.xtec.cat\/ceip-catalunya-sabadell\/wp-json\/wp\/v2\/posts\/3224","targetHints":{"allow":["GET"]}}],"collection":[{"href":"https:\/\/agora.xtec.cat\/ceip-catalunya-sabadell\/wp-json\/wp\/v2\/posts"}],"about":[{"href":"https:\/\/agora.xtec.cat\/ceip-catalunya-sabadell\/wp-json\/wp\/v2\/types\/post"}],"author":[{"embeddable":true,"href":"https:\/\/agora.xtec.cat\/ceip-catalunya-sabadell\/wp-json\/wp\/v2\/users\/39"}],"replies":[{"embeddable":true,"href":"https:\/\/agora.xtec.cat\/ceip-catalunya-sabadell\/wp-json\/wp\/v2\/comments?post=3224"}],"version-history":[{"count":1,"href":"https:\/\/agora.xtec.cat\/ceip-catalunya-sabadell\/wp-json\/wp\/v2\/posts\/3224\/revisions"}],"predecessor-version":[{"id":3225,"href":"https:\/\/agora.xtec.cat\/ceip-catalunya-sabadell\/wp-json\/wp\/v2\/posts\/3224\/revisions\/3225"}],"wp:featuredmedia":[{"embeddable":true,"href":"https:\/\/agora.xtec.cat\/ceip-catalunya-sabadell\/wp-json\/wp\/v2\/media\/3226"}],"wp:attachment":[{"href":"https:\/\/agora.xtec.cat\/ceip-catalunya-sabadell\/wp-json\/wp\/v2\/media?parent=3224"}],"wp:term":[{"taxonomy":"category","embeddable":true,"href":"https:\/\/agora.xtec.cat\/ceip-catalunya-sabadell\/wp-json\/wp\/v2\/categories?post=3224"},{"taxonomy":"post_tag","embeddable":true,"href":"https:\/\/agora.xtec.cat\/ceip-catalunya-sabadell\/wp-json\/wp\/v2\/tags?post=3224"}],"curies":[{"name":"wp","href":"https:\/\/api.w.org\/{rel}","templated":true}]}}