{"id":3222,"date":"2019-12-01T19:09:47","date_gmt":"2019-12-01T18:09:47","guid":{"rendered":"http:\/\/agora.xtec.cat\/ceip-catalunya-sabadell\/?p=3222"},"modified":"2019-12-01T19:09:47","modified_gmt":"2019-12-01T18:09:47","slug":"ens-posem-i-cordem-sols-la-bata","status":"publish","type":"post","link":"https:\/\/agora.xtec.cat\/ceip-catalunya-sabadell\/primaria\/promocio19-28\/ens-posem-i-cordem-sols-la-bata\/","title":{"rendered":"ENS POSEM I CORDEM SOLS LA BATA"},"content":{"rendered":"<p>Cada dia que passa ens fem m\u00e9s grans, cada dia aprenem una cosa nova o en perfeccionem alguna.\u00a0 Mare, pare ens ajudeu a cr\u00e9ixer i ser nenes i nens cada vegada m\u00e9s aut\u00f2nomes i segurs de nosaltres mateixos???<\/p>\n<p><a href=\"https:\/\/youtu.be\/wCbiONBG_w0\">CLICA AQU\u00cd SOBRE PER VEURE EL VIDEO<\/a><\/p>\n","protected":false},"excerpt":{"rendered":"<p>Cada dia que passa ens fem m\u00e9s grans, cada dia aprenem una cosa nova o en perfeccionem alguna.\u00a0 Mare, pare ens ajudeu a cr\u00e9ixer i ser nenes i nens cada vegada m\u00e9s aut\u00f2nomes i segurs de nosaltres mateixos???<br \/>\n<a href=\"https:\/\/youtu.be\/wCbiONBG_w0\">CLICA AQU\u00cd SOBRE PER VEURE EL VIDEO<\/a><\/p>\n","protected":false},"author":39,"featured_media":3227,"comment_status":"open","ping_status":"closed","sticky":false,"template":"","format":"standard","meta":{"_bbp_topic_count":0,"_bbp_reply_count":0,"_bbp_total_topic_count":0,"_bbp_total_reply_count":0,"_bbp_voice_count":0,"_bbp_anonymous_reply_count":0,"_bbp_topic_count_hidden":0,"_bbp_reply_count_hidden":0,"_bbp_forum_subforum_count":0,"footnotes":""},"categories":[118],"tags":[],"class_list":["post-3222","post","type-post","status-publish","format-standard","has-post-thumbnail","hentry","category-promocio19-28"],"post_mailing_queue_ids":[],"_links":{"self":[{"href":"https:\/\/agora.xtec.cat\/ceip-catalunya-sabadell\/wp-json\/wp\/v2\/posts\/3222","targetHints":{"allow":["GET"]}}],"collection":[{"href":"https:\/\/agora.xtec.cat\/ceip-catalunya-sabadell\/wp-json\/wp\/v2\/posts"}],"about":[{"href":"https:\/\/agora.xtec.cat\/ceip-catalunya-sabadell\/wp-json\/wp\/v2\/types\/post"}],"author":[{"embeddable":true,"href":"https:\/\/agora.xtec.cat\/ceip-catalunya-sabadell\/wp-json\/wp\/v2\/users\/39"}],"replies":[{"embeddable":true,"href":"https:\/\/agora.xtec.cat\/ceip-catalunya-sabadell\/wp-json\/wp\/v2\/comments?post=3222"}],"version-history":[{"count":1,"href":"https:\/\/agora.xtec.cat\/ceip-catalunya-sabadell\/wp-json\/wp\/v2\/posts\/3222\/revisions"}],"predecessor-version":[{"id":3223,"href":"https:\/\/agora.xtec.cat\/ceip-catalunya-sabadell\/wp-json\/wp\/v2\/posts\/3222\/revisions\/3223"}],"wp:featuredmedia":[{"embeddable":true,"href":"https:\/\/agora.xtec.cat\/ceip-catalunya-sabadell\/wp-json\/wp\/v2\/media\/3227"}],"wp:attachment":[{"href":"https:\/\/agora.xtec.cat\/ceip-catalunya-sabadell\/wp-json\/wp\/v2\/media?parent=3222"}],"wp:term":[{"taxonomy":"category","embeddable":true,"href":"https:\/\/agora.xtec.cat\/ceip-catalunya-sabadell\/wp-json\/wp\/v2\/categories?post=3222"},{"taxonomy":"post_tag","embeddable":true,"href":"https:\/\/agora.xtec.cat\/ceip-catalunya-sabadell\/wp-json\/wp\/v2\/tags?post=3222"}],"curies":[{"name":"wp","href":"https:\/\/api.w.org\/{rel}","templated":true}]}}