{"id":3199,"date":"2019-11-19T11:34:14","date_gmt":"2019-11-19T10:34:14","guid":{"rendered":"http:\/\/agora.xtec.cat\/ceip-catalunya-sabadell\/?p=3199"},"modified":"2019-11-19T11:35:46","modified_gmt":"2019-11-19T10:35:46","slug":"https-photos-app-goo-gl-ejqmpwvdspggykhe7","status":"publish","type":"post","link":"https:\/\/agora.xtec.cat\/ceip-catalunya-sabadell\/portada\/https-photos-app-goo-gl-ejqmpwvdspggykhe7\/","title":{"rendered":"En breu, Concert de Santa Cec\u00edlia"},"content":{"rendered":"<p>Els Massafestes han passat per les aules per recordar-nos que el proper dijous celebrarem la festa de Santa Cec\u00edlia, patrona de la m\u00fasica! Tot l&#8217;alumnat de Prim\u00e0ria anir\u00e0 al Centre C\u00edvic, on gaudirem d&#8217;un genial concert on els i les protagonistes s\u00f3n el nostre alumnat. Recordeu, dijous tota la Prim\u00e0ria, ha d&#8217;anar vestit amb pantal\u00f3 o faldilla negra i amb samarreta, jersei o camisa blanca, pel gran esdeveniment!<\/p>\n<p>&nbsp;<\/p>\n<p><a href=\"https:\/\/photos.app.goo.gl\/EjQmPwVDspGgYkHe7\"><img loading=\"lazy\" decoding=\"async\" class=\"wp-image-3201 size-medium aligncenter\" src=\"https:\/\/agora.xtec.cat\/ceip-catalunya-sabadell\/wp-content\/uploads\/usu823\/2019\/11\/5c04f7fb-5531-4194-85de-50930a743424-1-300x225.jpg\" alt=\"\" width=\"300\" height=\"225\" srcset=\"https:\/\/agora.xtec.cat\/ceip-catalunya-sabadell\/wp-content\/uploads\/usu823\/2019\/11\/5c04f7fb-5531-4194-85de-50930a743424-1-300x225.jpg 300w, https:\/\/agora.xtec.cat\/ceip-catalunya-sabadell\/wp-content\/uploads\/usu823\/2019\/11\/5c04f7fb-5531-4194-85de-50930a743424-1-768x576.jpg 768w, https:\/\/agora.xtec.cat\/ceip-catalunya-sabadell\/wp-content\/uploads\/usu823\/2019\/11\/5c04f7fb-5531-4194-85de-50930a743424-1-1024x768.jpg 1024w, https:\/\/agora.xtec.cat\/ceip-catalunya-sabadell\/wp-content\/uploads\/usu823\/2019\/11\/5c04f7fb-5531-4194-85de-50930a743424-1-200x150.jpg 200w, https:\/\/agora.xtec.cat\/ceip-catalunya-sabadell\/wp-content\/uploads\/usu823\/2019\/11\/5c04f7fb-5531-4194-85de-50930a743424-1.jpg 2048w\" sizes=\"auto, (max-width: 300px) 100vw, 300px\" \/><\/a><\/p>\n<p>&nbsp;<\/p>\n<p>&nbsp;<\/p>\n<p>&nbsp;<\/p>\n","protected":false},"excerpt":{"rendered":"<p>Els Massafestes han passat per les aules per recordar-nos que el proper dijous celebrarem la festa de Santa Cec\u00edlia, patrona de la m\u00fasica! Tot l&#8217;alumnat de Prim\u00e0ria anir\u00e0 al Centre C\u00edvic, on gaudirem d&#8217;un genial concert on els i les protagonistes s\u00f3n el nostre alumnat.&hellip;  <a href=\"https:\/\/agora.xtec.cat\/ceip-catalunya-sabadell\/portada\/https-photos-app-goo-gl-ejqmpwvdspggykhe7\/\" title=\"Read En breu, Concert de Santa Cec\u00edlia\">Llegeix m\u00e9s\u00bb<\/a><\/p>\n","protected":false},"author":22,"featured_media":3201,"comment_status":"open","ping_status":"closed","sticky":false,"template":"","format":"standard","meta":{"_bbp_topic_count":0,"_bbp_reply_count":0,"_bbp_total_topic_count":0,"_bbp_total_reply_count":0,"_bbp_voice_count":0,"_bbp_anonymous_reply_count":0,"_bbp_topic_count_hidden":0,"_bbp_reply_count_hidden":0,"_bbp_forum_subforum_count":0,"footnotes":""},"categories":[4,5],"tags":[],"class_list":["post-3199","post","type-post","status-publish","format-standard","has-post-thumbnail","hentry","category-portada","category-primaria"],"post_mailing_queue_ids":[],"_links":{"self":[{"href":"https:\/\/agora.xtec.cat\/ceip-catalunya-sabadell\/wp-json\/wp\/v2\/posts\/3199","targetHints":{"allow":["GET"]}}],"collection":[{"href":"https:\/\/agora.xtec.cat\/ceip-catalunya-sabadell\/wp-json\/wp\/v2\/posts"}],"about":[{"href":"https:\/\/agora.xtec.cat\/ceip-catalunya-sabadell\/wp-json\/wp\/v2\/types\/post"}],"author":[{"embeddable":true,"href":"https:\/\/agora.xtec.cat\/ceip-catalunya-sabadell\/wp-json\/wp\/v2\/users\/22"}],"replies":[{"embeddable":true,"href":"https:\/\/agora.xtec.cat\/ceip-catalunya-sabadell\/wp-json\/wp\/v2\/comments?post=3199"}],"version-history":[{"count":2,"href":"https:\/\/agora.xtec.cat\/ceip-catalunya-sabadell\/wp-json\/wp\/v2\/posts\/3199\/revisions"}],"predecessor-version":[{"id":3203,"href":"https:\/\/agora.xtec.cat\/ceip-catalunya-sabadell\/wp-json\/wp\/v2\/posts\/3199\/revisions\/3203"}],"wp:featuredmedia":[{"embeddable":true,"href":"https:\/\/agora.xtec.cat\/ceip-catalunya-sabadell\/wp-json\/wp\/v2\/media\/3201"}],"wp:attachment":[{"href":"https:\/\/agora.xtec.cat\/ceip-catalunya-sabadell\/wp-json\/wp\/v2\/media?parent=3199"}],"wp:term":[{"taxonomy":"category","embeddable":true,"href":"https:\/\/agora.xtec.cat\/ceip-catalunya-sabadell\/wp-json\/wp\/v2\/categories?post=3199"},{"taxonomy":"post_tag","embeddable":true,"href":"https:\/\/agora.xtec.cat\/ceip-catalunya-sabadell\/wp-json\/wp\/v2\/tags?post=3199"}],"curies":[{"name":"wp","href":"https:\/\/api.w.org\/{rel}","templated":true}]}}