{"id":3187,"date":"2019-11-19T17:59:05","date_gmt":"2019-11-19T16:59:05","guid":{"rendered":"http:\/\/agora.xtec.cat\/ceip-catalunya-sabadell\/?p=3187"},"modified":"2019-11-19T17:59:05","modified_gmt":"2019-11-19T16:59:05","slug":"la-castanyada-al-cm","status":"publish","type":"post","link":"https:\/\/agora.xtec.cat\/ceip-catalunya-sabadell\/portada\/la-castanyada-al-cm\/","title":{"rendered":"La Castanyada al CM"},"content":{"rendered":"<p>Fa un parell de setmanes vam celebrar la primera festa d&#8217;enguany a l&#8217;escola. Va ser fant\u00e0stic trobar-nos de nou amb els panellets, el barret de cuiner i la decoraci\u00f3 de tardor. I, sobretot, poder compartir amb companys, fam\u00edlies i mestres aquesta festa.<\/p>\n<p>Aqu\u00ed teniu un recull de les <a href=\"https:\/\/photos.app.goo.gl\/bWsC1EVHX2LcFpLY8\">fotografies del cicle mitj\u00e0.<\/a><\/p>\n","protected":false},"excerpt":{"rendered":"<p>Fa un parell de setmanes vam celebrar la primera festa d&#8217;enguany a l&#8217;escola. Va ser fant\u00e0stic trobar-nos de nou amb els panellets, el barret de cuiner i la decoraci\u00f3 de tardor. I, sobretot, poder compartir amb companys, fam\u00edlies i mestres aquesta festa.<br \/>\nAqu\u00ed teniu un recull&hellip;  <a href=\"https:\/\/agora.xtec.cat\/ceip-catalunya-sabadell\/portada\/la-castanyada-al-cm\/\" title=\"Read La Castanyada al CM\">Llegeix m\u00e9s\u00bb<\/a><\/p>\n","protected":false},"author":60,"featured_media":0,"comment_status":"open","ping_status":"closed","sticky":false,"template":"","format":"standard","meta":{"_bbp_topic_count":0,"_bbp_reply_count":0,"_bbp_total_topic_count":0,"_bbp_total_reply_count":0,"_bbp_voice_count":0,"_bbp_anonymous_reply_count":0,"_bbp_topic_count_hidden":0,"_bbp_reply_count_hidden":0,"_bbp_forum_subforum_count":0,"footnotes":""},"categories":[13,36,4],"tags":[],"class_list":["post-3187","post","type-post","status-publish","format-standard","hentry","category-4t","category-festes","category-portada"],"post_mailing_queue_ids":[],"_links":{"self":[{"href":"https:\/\/agora.xtec.cat\/ceip-catalunya-sabadell\/wp-json\/wp\/v2\/posts\/3187","targetHints":{"allow":["GET"]}}],"collection":[{"href":"https:\/\/agora.xtec.cat\/ceip-catalunya-sabadell\/wp-json\/wp\/v2\/posts"}],"about":[{"href":"https:\/\/agora.xtec.cat\/ceip-catalunya-sabadell\/wp-json\/wp\/v2\/types\/post"}],"author":[{"embeddable":true,"href":"https:\/\/agora.xtec.cat\/ceip-catalunya-sabadell\/wp-json\/wp\/v2\/users\/60"}],"replies":[{"embeddable":true,"href":"https:\/\/agora.xtec.cat\/ceip-catalunya-sabadell\/wp-json\/wp\/v2\/comments?post=3187"}],"version-history":[{"count":1,"href":"https:\/\/agora.xtec.cat\/ceip-catalunya-sabadell\/wp-json\/wp\/v2\/posts\/3187\/revisions"}],"predecessor-version":[{"id":3188,"href":"https:\/\/agora.xtec.cat\/ceip-catalunya-sabadell\/wp-json\/wp\/v2\/posts\/3187\/revisions\/3188"}],"wp:attachment":[{"href":"https:\/\/agora.xtec.cat\/ceip-catalunya-sabadell\/wp-json\/wp\/v2\/media?parent=3187"}],"wp:term":[{"taxonomy":"category","embeddable":true,"href":"https:\/\/agora.xtec.cat\/ceip-catalunya-sabadell\/wp-json\/wp\/v2\/categories?post=3187"},{"taxonomy":"post_tag","embeddable":true,"href":"https:\/\/agora.xtec.cat\/ceip-catalunya-sabadell\/wp-json\/wp\/v2\/tags?post=3187"}],"curies":[{"name":"wp","href":"https:\/\/api.w.org\/{rel}","templated":true}]}}