{"id":3166,"date":"2019-11-05T15:02:28","date_gmt":"2019-11-05T14:02:28","guid":{"rendered":"http:\/\/agora.xtec.cat\/ceip-catalunya-sabadell\/?p=3166"},"modified":"2019-11-05T15:02:28","modified_gmt":"2019-11-05T14:02:28","slug":"a-cicle-superior-ja-hem-celebrat-la-castanyada","status":"publish","type":"post","link":"https:\/\/agora.xtec.cat\/ceip-catalunya-sabadell\/portada\/a-cicle-superior-ja-hem-celebrat-la-castanyada\/","title":{"rendered":"A Cicle Superior ja hem celebrat la Castanyada!"},"content":{"rendered":"<p>Vam fer uns panellets bon\u00edssims, a 5\u00e8 els vam fer de llimona i 6\u00e8 de coco.<\/p>\n<p>Tamb\u00e9 va venir la Maria castanyera a explicar-nos uns contes molt interessants.<\/p>\n<p>Aqu\u00ed teniu un recull de les activitats que hem realitzat per la celebraci\u00f3 d&#8217;aquesta festa.<\/p>\n<p>(cliqueu a la imatge per veure les fotos)<\/p>\n<p><a href=\"https:\/\/photos.app.goo.gl\/aQZ7HZENTyLtk42Y7\"><img loading=\"lazy\" decoding=\"async\" class=\"alignnone size-large wp-image-3168\" src=\"https:\/\/agora.xtec.cat\/ceip-catalunya-sabadell\/wp-content\/uploads\/usu823\/2019\/11\/PHOTO-2019-10-31-10-26-37_1-1024x768.jpg\" alt=\"\" width=\"1024\" height=\"768\" srcset=\"https:\/\/agora.xtec.cat\/ceip-catalunya-sabadell\/wp-content\/uploads\/usu823\/2019\/11\/PHOTO-2019-10-31-10-26-37_1-1024x768.jpg 1024w, https:\/\/agora.xtec.cat\/ceip-catalunya-sabadell\/wp-content\/uploads\/usu823\/2019\/11\/PHOTO-2019-10-31-10-26-37_1-300x225.jpg 300w, https:\/\/agora.xtec.cat\/ceip-catalunya-sabadell\/wp-content\/uploads\/usu823\/2019\/11\/PHOTO-2019-10-31-10-26-37_1-768x576.jpg 768w, https:\/\/agora.xtec.cat\/ceip-catalunya-sabadell\/wp-content\/uploads\/usu823\/2019\/11\/PHOTO-2019-10-31-10-26-37_1-200x150.jpg 200w, https:\/\/agora.xtec.cat\/ceip-catalunya-sabadell\/wp-content\/uploads\/usu823\/2019\/11\/PHOTO-2019-10-31-10-26-37_1.jpg 1600w\" sizes=\"auto, (max-width: 1024px) 100vw, 1024px\" \/><\/a><\/p>\n<p>&nbsp;<\/p>\n","protected":false},"excerpt":{"rendered":"<p>Vam fer uns panellets bon\u00edssims, a 5\u00e8 els vam fer de llimona i 6\u00e8 de coco.<br \/>\nTamb\u00e9 va venir la Maria castanyera a explicar-nos uns contes molt interessants.<br \/>\nAqu\u00ed teniu un recull de les activitats que hem realitzat per la celebraci\u00f3 d&#8217;aquesta festa.<br \/>\n(cliqueu a la imatge per&hellip;  <a href=\"https:\/\/agora.xtec.cat\/ceip-catalunya-sabadell\/portada\/a-cicle-superior-ja-hem-celebrat-la-castanyada\/\" title=\"Read A Cicle Superior ja hem celebrat la Castanyada!\">Llegeix m\u00e9s\u00bb<\/a><\/p>\n","protected":false},"author":19,"featured_media":1805,"comment_status":"open","ping_status":"closed","sticky":false,"template":"","format":"standard","meta":{"_bbp_topic_count":0,"_bbp_reply_count":0,"_bbp_total_topic_count":0,"_bbp_total_reply_count":0,"_bbp_voice_count":0,"_bbp_anonymous_reply_count":0,"_bbp_topic_count_hidden":0,"_bbp_reply_count_hidden":0,"_bbp_forum_subforum_count":0,"footnotes":""},"categories":[14,15,4],"tags":[],"class_list":["post-3166","post","type-post","status-publish","format-standard","has-post-thumbnail","hentry","category-5e","category-6e","category-portada"],"post_mailing_queue_ids":[],"_links":{"self":[{"href":"https:\/\/agora.xtec.cat\/ceip-catalunya-sabadell\/wp-json\/wp\/v2\/posts\/3166","targetHints":{"allow":["GET"]}}],"collection":[{"href":"https:\/\/agora.xtec.cat\/ceip-catalunya-sabadell\/wp-json\/wp\/v2\/posts"}],"about":[{"href":"https:\/\/agora.xtec.cat\/ceip-catalunya-sabadell\/wp-json\/wp\/v2\/types\/post"}],"author":[{"embeddable":true,"href":"https:\/\/agora.xtec.cat\/ceip-catalunya-sabadell\/wp-json\/wp\/v2\/users\/19"}],"replies":[{"embeddable":true,"href":"https:\/\/agora.xtec.cat\/ceip-catalunya-sabadell\/wp-json\/wp\/v2\/comments?post=3166"}],"version-history":[{"count":1,"href":"https:\/\/agora.xtec.cat\/ceip-catalunya-sabadell\/wp-json\/wp\/v2\/posts\/3166\/revisions"}],"predecessor-version":[{"id":3169,"href":"https:\/\/agora.xtec.cat\/ceip-catalunya-sabadell\/wp-json\/wp\/v2\/posts\/3166\/revisions\/3169"}],"wp:featuredmedia":[{"embeddable":true,"href":"https:\/\/agora.xtec.cat\/ceip-catalunya-sabadell\/wp-json\/wp\/v2\/media\/1805"}],"wp:attachment":[{"href":"https:\/\/agora.xtec.cat\/ceip-catalunya-sabadell\/wp-json\/wp\/v2\/media?parent=3166"}],"wp:term":[{"taxonomy":"category","embeddable":true,"href":"https:\/\/agora.xtec.cat\/ceip-catalunya-sabadell\/wp-json\/wp\/v2\/categories?post=3166"},{"taxonomy":"post_tag","embeddable":true,"href":"https:\/\/agora.xtec.cat\/ceip-catalunya-sabadell\/wp-json\/wp\/v2\/tags?post=3166"}],"curies":[{"name":"wp","href":"https:\/\/api.w.org\/{rel}","templated":true}]}}