{"id":3090,"date":"2019-10-16T11:51:13","date_gmt":"2019-10-16T09:51:13","guid":{"rendered":"http:\/\/agora.xtec.cat\/ceip-catalunya-sabadell\/?p=3090"},"modified":"2019-11-13T10:04:27","modified_gmt":"2019-11-13T09:04:27","slug":"en-gugu","status":"publish","type":"post","link":"https:\/\/agora.xtec.cat\/ceip-catalunya-sabadell\/infantil\/en-gugu\/","title":{"rendered":"EN GUGU"},"content":{"rendered":"<p>Benvinguts a P3!<\/p>\n<p>Bon dia families,<\/p>\n<p>Ja hem comen\u00e7at el curs, i despr\u00e9s d&#8217;uns dies d&#8217;adaptaci\u00f3 hem comen\u00e7at a treballar el conte d&#8217;en Gugu. El conte es diu Mua (Jezz Alborough) i el seu protagonista \u00e9s en Gugu, un ximpanz\u00e9 molt eixerit que anant per la selva es despista i perd la mare. \u00c9s un conte que ens ajuda molt aquests primers dies d&#8217;escola per a treballar el moment de la separaci\u00f3, tant dif\u00edcil per a tots.<\/p>\n<p>Esperem que el gaudiu tant com nosaltres!<\/p>\n<p>Cliqueu damunt la imatge i s&#8217;obrira el conte.<\/p>\n<p><a href=\"https:\/\/www.slideshare.net\/secret\/GQGhVBqbLfZexL\"><img loading=\"lazy\" decoding=\"async\" class=\"aligncenter size-full wp-image-3092\" src=\"https:\/\/agora.xtec.cat\/ceip-catalunya-sabadell\/wp-content\/uploads\/usu823\/2019\/10\/gugu11.jpg\" alt=\"\" width=\"670\" height=\"556\" srcset=\"https:\/\/agora.xtec.cat\/ceip-catalunya-sabadell\/wp-content\/uploads\/usu823\/2019\/10\/gugu11.jpg 670w, https:\/\/agora.xtec.cat\/ceip-catalunya-sabadell\/wp-content\/uploads\/usu823\/2019\/10\/gugu11-300x250.jpg 300w\" sizes=\"auto, (max-width: 670px) 100vw, 670px\" \/><\/a><\/p>\n<p>Fins aviat!<\/p>\n<p>Mestres de P3<\/p>\n","protected":false},"excerpt":{"rendered":"<p>Benvinguts a P3!<br \/>\nBon dia families,<br \/>\nJa hem comen\u00e7at el curs, i despr\u00e9s d&#8217;uns dies d&#8217;adaptaci\u00f3 hem comen\u00e7at a treballar el conte d&#8217;en Gugu. El conte es diu Mua (Jezz Alborough) i el seu protagonista \u00e9s en Gugu, un ximpanz\u00e9 molt eixerit que anant per la selva&hellip;  <a href=\"https:\/\/agora.xtec.cat\/ceip-catalunya-sabadell\/infantil\/en-gugu\/\" title=\"Read EN GUGU\">Llegeix m\u00e9s\u00bb<\/a><\/p>\n","protected":false},"author":40,"featured_media":0,"comment_status":"open","ping_status":"closed","sticky":false,"template":"","format":"standard","meta":{"_bbp_topic_count":0,"_bbp_reply_count":0,"_bbp_total_topic_count":0,"_bbp_total_reply_count":0,"_bbp_voice_count":0,"_bbp_anonymous_reply_count":0,"_bbp_topic_count_hidden":0,"_bbp_reply_count_hidden":0,"_bbp_forum_subforum_count":0,"footnotes":""},"categories":[118,2],"tags":[],"class_list":["post-3090","post","type-post","status-publish","format-standard","hentry","category-promocio19-28","category-infantil"],"post_mailing_queue_ids":[],"_links":{"self":[{"href":"https:\/\/agora.xtec.cat\/ceip-catalunya-sabadell\/wp-json\/wp\/v2\/posts\/3090","targetHints":{"allow":["GET"]}}],"collection":[{"href":"https:\/\/agora.xtec.cat\/ceip-catalunya-sabadell\/wp-json\/wp\/v2\/posts"}],"about":[{"href":"https:\/\/agora.xtec.cat\/ceip-catalunya-sabadell\/wp-json\/wp\/v2\/types\/post"}],"author":[{"embeddable":true,"href":"https:\/\/agora.xtec.cat\/ceip-catalunya-sabadell\/wp-json\/wp\/v2\/users\/40"}],"replies":[{"embeddable":true,"href":"https:\/\/agora.xtec.cat\/ceip-catalunya-sabadell\/wp-json\/wp\/v2\/comments?post=3090"}],"version-history":[{"count":3,"href":"https:\/\/agora.xtec.cat\/ceip-catalunya-sabadell\/wp-json\/wp\/v2\/posts\/3090\/revisions"}],"predecessor-version":[{"id":3095,"href":"https:\/\/agora.xtec.cat\/ceip-catalunya-sabadell\/wp-json\/wp\/v2\/posts\/3090\/revisions\/3095"}],"wp:attachment":[{"href":"https:\/\/agora.xtec.cat\/ceip-catalunya-sabadell\/wp-json\/wp\/v2\/media?parent=3090"}],"wp:term":[{"taxonomy":"category","embeddable":true,"href":"https:\/\/agora.xtec.cat\/ceip-catalunya-sabadell\/wp-json\/wp\/v2\/categories?post=3090"},{"taxonomy":"post_tag","embeddable":true,"href":"https:\/\/agora.xtec.cat\/ceip-catalunya-sabadell\/wp-json\/wp\/v2\/tags?post=3090"}],"curies":[{"name":"wp","href":"https:\/\/api.w.org\/{rel}","templated":true}]}}