{"id":3085,"date":"2019-10-10T15:11:52","date_gmt":"2019-10-10T13:11:52","guid":{"rendered":"http:\/\/agora.xtec.cat\/ceip-catalunya-sabadell\/?p=3085"},"modified":"2020-01-10T15:12:49","modified_gmt":"2020-01-10T14:12:49","slug":"__trashed","status":"publish","type":"post","link":"https:\/\/agora.xtec.cat\/ceip-catalunya-sabadell\/primaria\/__trashed\/","title":{"rendered":"PER LA CASTANYADA BALLEM"},"content":{"rendered":"<p>Aquest any la Festa de la Castanyada la celebrem, com cada any, amb una bona mostra de danses tradicional catalanes. Aqu\u00ed teniu acc\u00e9s a uns v\u00eddeos per tal que des de casa la podeu veure i assajar, canalla!!<\/p>\n<p>1R I 2N\u00a0 \u00a0EL PATATUF<\/p>\n<p>3R I 4T\u00a0 \u00a0ELS NANS VELLS<\/p>\n<p><iframe loading=\"lazy\" src=\"\/\/www.youtube.com\/embed\/J3ypOsIixzM?feature=youtu\" width=\"560\" height=\"314\"><\/iframe><\/p>\n<p>5\u00c8\u00a0 \u00a0 \u00a0 \u00a0 \u00a0 L&#8217;HEREU RIERA<\/p>\n<p><iframe loading=\"lazy\" src=\"\/\/www.youtube.com\/embed\/tuRLHDAscaU?feature=youtu\" width=\"560\" height=\"314\"><\/iframe><\/p>\n<p>6\u00c8\u00a0 \u00a0 \u00a0 \u00a0 EL VIROLET ( BALL DE BASTONS)\u00a0 <iframe loading=\"lazy\" src=\"\/\/www.youtube.com\/embed\/sDg5ohq2jZU\" width=\"560\" height=\"314\"><\/iframe><\/p>\n","protected":false},"excerpt":{"rendered":"<p>Aquest any la Festa de la Castanyada la celebrem, com cada any, amb una bona mostra de danses tradicional catalanes. Aqu\u00ed teniu acc\u00e9s a uns v\u00eddeos per tal que des de casa la podeu veure i assajar, canalla!!<br \/>\n1R I 2N\u00a0 \u00a0EL PATATUF<br \/>\n3R I 4T\u00a0 \u00a0ELS&hellip;  <a href=\"https:\/\/agora.xtec.cat\/ceip-catalunya-sabadell\/primaria\/__trashed\/\" title=\"Read PER LA CASTANYADA BALLEM\">Llegeix m\u00e9s\u00bb<\/a><\/p>\n","protected":false},"author":1,"featured_media":3297,"comment_status":"open","ping_status":"closed","sticky":false,"template":"","format":"standard","meta":{"_bbp_topic_count":0,"_bbp_reply_count":0,"_bbp_total_topic_count":0,"_bbp_total_reply_count":0,"_bbp_voice_count":0,"_bbp_anonymous_reply_count":0,"_bbp_topic_count_hidden":0,"_bbp_reply_count_hidden":0,"_bbp_forum_subforum_count":0,"footnotes":""},"categories":[13,14,15,36,5],"tags":[],"class_list":["post-3085","post","type-post","status-publish","format-standard","has-post-thumbnail","hentry","category-4t","category-5e","category-6e","category-festes","category-primaria"],"post_mailing_queue_ids":[],"_links":{"self":[{"href":"https:\/\/agora.xtec.cat\/ceip-catalunya-sabadell\/wp-json\/wp\/v2\/posts\/3085","targetHints":{"allow":["GET"]}}],"collection":[{"href":"https:\/\/agora.xtec.cat\/ceip-catalunya-sabadell\/wp-json\/wp\/v2\/posts"}],"about":[{"href":"https:\/\/agora.xtec.cat\/ceip-catalunya-sabadell\/wp-json\/wp\/v2\/types\/post"}],"author":[{"embeddable":true,"href":"https:\/\/agora.xtec.cat\/ceip-catalunya-sabadell\/wp-json\/wp\/v2\/users\/1"}],"replies":[{"embeddable":true,"href":"https:\/\/agora.xtec.cat\/ceip-catalunya-sabadell\/wp-json\/wp\/v2\/comments?post=3085"}],"version-history":[{"count":2,"href":"https:\/\/agora.xtec.cat\/ceip-catalunya-sabadell\/wp-json\/wp\/v2\/posts\/3085\/revisions"}],"predecessor-version":[{"id":3298,"href":"https:\/\/agora.xtec.cat\/ceip-catalunya-sabadell\/wp-json\/wp\/v2\/posts\/3085\/revisions\/3298"}],"wp:featuredmedia":[{"embeddable":true,"href":"https:\/\/agora.xtec.cat\/ceip-catalunya-sabadell\/wp-json\/wp\/v2\/media\/3297"}],"wp:attachment":[{"href":"https:\/\/agora.xtec.cat\/ceip-catalunya-sabadell\/wp-json\/wp\/v2\/media?parent=3085"}],"wp:term":[{"taxonomy":"category","embeddable":true,"href":"https:\/\/agora.xtec.cat\/ceip-catalunya-sabadell\/wp-json\/wp\/v2\/categories?post=3085"},{"taxonomy":"post_tag","embeddable":true,"href":"https:\/\/agora.xtec.cat\/ceip-catalunya-sabadell\/wp-json\/wp\/v2\/tags?post=3085"}],"curies":[{"name":"wp","href":"https:\/\/api.w.org\/{rel}","templated":true}]}}