{"id":3024,"date":"2019-06-19T10:43:03","date_gmt":"2019-06-19T08:43:03","guid":{"rendered":"http:\/\/agora.xtec.cat\/ceip-catalunya-sabadell\/?p=3024"},"modified":"2019-11-13T10:08:22","modified_gmt":"2019-11-13T09:08:22","slug":"sortida-bosc-de-can-deu","status":"publish","type":"post","link":"https:\/\/agora.xtec.cat\/ceip-catalunya-sabadell\/infantil\/sortida-bosc-de-can-deu\/","title":{"rendered":"SORTIDA BOSC DE CAN DEU"},"content":{"rendered":"<p>Bon dia fam\u00edlies!!<\/p>\n<p>La setmana passada varem fer la darrera sortida d&#8217;aquest curs. Va ser una sortida per gaudir de la natura al Bosc de Can Deu i per compartir un mat\u00ed amb els nostres amics de la classe de les Tortugues i dels Ping\u00fcins. Ens va servir per acomiadar aquells nens i nenes petis i petites que van arribar al setembre i que durant tot el curs han estat capa\u00e7os d&#8217;assolir els nous reptes que se&#8217;ls posaven al davant.<\/p>\n<p>Ara ja estem preparats per passar un bon estiu i tornar al setembre amb les piles carregades i m\u00e9s grans que mai!!!<\/p>\n<p>Ens ho vam passar d&#8217;all\u00f2 m\u00e9s b\u00e9 i aqu\u00ed teniu una mostra de tot el que vam trobar al bosc, marietes, escarbats, pals, pinyes, arbres, flors&#8230;.<\/p>\n<p>Gaudir de la natura en companyia dels amics \u00e9s un tresor, i com a tal, l&#8217;hem de cuidar!!!<\/p>\n<p>Cliqueu damunt la foto i s&#8217;obrir\u00e0 l&#8217;album.<\/p>\n<p><a href=\"https:\/\/photos.app.goo.gl\/9gjiRxRjtkMsjQNy6\"><img loading=\"lazy\" decoding=\"async\" class=\"aligncenter wp-image-3026\" src=\"https:\/\/agora.xtec.cat\/ceip-catalunya-sabadell\/wp-content\/uploads\/usu823\/2019\/06\/resized_20190613_121539.jpg\" alt=\"\" width=\"340\" height=\"254\" srcset=\"https:\/\/agora.xtec.cat\/ceip-catalunya-sabadell\/wp-content\/uploads\/usu823\/2019\/06\/resized_20190613_121539.jpg 230w, https:\/\/agora.xtec.cat\/ceip-catalunya-sabadell\/wp-content\/uploads\/usu823\/2019\/06\/resized_20190613_121539-200x150.jpg 200w\" sizes=\"auto, (max-width: 340px) 100vw, 340px\" \/><\/a><\/p>\n<p>&nbsp;<\/p>\n<p>Bon estiu fam\u00edlies!!!<\/p>\n<p>&nbsp;<\/p>\n","protected":false},"excerpt":{"rendered":"<p>Bon dia fam\u00edlies!!<br \/>\nLa setmana passada varem fer la darrera sortida d&#8217;aquest curs. Va ser una sortida per gaudir de la natura al Bosc de Can Deu i per compartir un mat\u00ed amb els nostres amics de la classe de les Tortugues i dels Ping\u00fcins. Ens&hellip;  <a href=\"https:\/\/agora.xtec.cat\/ceip-catalunya-sabadell\/infantil\/sortida-bosc-de-can-deu\/\" title=\"Read SORTIDA BOSC DE CAN DEU\">Llegeix m\u00e9s\u00bb<\/a><\/p>\n","protected":false},"author":40,"featured_media":0,"comment_status":"open","ping_status":"closed","sticky":false,"template":"","format":"standard","meta":{"_bbp_topic_count":0,"_bbp_reply_count":0,"_bbp_total_topic_count":0,"_bbp_total_reply_count":0,"_bbp_voice_count":0,"_bbp_anonymous_reply_count":0,"_bbp_topic_count_hidden":0,"_bbp_reply_count_hidden":0,"_bbp_forum_subforum_count":0,"footnotes":""},"categories":[119,2],"tags":[],"class_list":["post-3024","post","type-post","status-publish","format-standard","hentry","category-promocio-18-27","category-infantil"],"post_mailing_queue_ids":[],"_links":{"self":[{"href":"https:\/\/agora.xtec.cat\/ceip-catalunya-sabadell\/wp-json\/wp\/v2\/posts\/3024","targetHints":{"allow":["GET"]}}],"collection":[{"href":"https:\/\/agora.xtec.cat\/ceip-catalunya-sabadell\/wp-json\/wp\/v2\/posts"}],"about":[{"href":"https:\/\/agora.xtec.cat\/ceip-catalunya-sabadell\/wp-json\/wp\/v2\/types\/post"}],"author":[{"embeddable":true,"href":"https:\/\/agora.xtec.cat\/ceip-catalunya-sabadell\/wp-json\/wp\/v2\/users\/40"}],"replies":[{"embeddable":true,"href":"https:\/\/agora.xtec.cat\/ceip-catalunya-sabadell\/wp-json\/wp\/v2\/comments?post=3024"}],"version-history":[{"count":3,"href":"https:\/\/agora.xtec.cat\/ceip-catalunya-sabadell\/wp-json\/wp\/v2\/posts\/3024\/revisions"}],"predecessor-version":[{"id":3029,"href":"https:\/\/agora.xtec.cat\/ceip-catalunya-sabadell\/wp-json\/wp\/v2\/posts\/3024\/revisions\/3029"}],"wp:attachment":[{"href":"https:\/\/agora.xtec.cat\/ceip-catalunya-sabadell\/wp-json\/wp\/v2\/media?parent=3024"}],"wp:term":[{"taxonomy":"category","embeddable":true,"href":"https:\/\/agora.xtec.cat\/ceip-catalunya-sabadell\/wp-json\/wp\/v2\/categories?post=3024"},{"taxonomy":"post_tag","embeddable":true,"href":"https:\/\/agora.xtec.cat\/ceip-catalunya-sabadell\/wp-json\/wp\/v2\/tags?post=3024"}],"curies":[{"name":"wp","href":"https:\/\/api.w.org\/{rel}","templated":true}]}}