{"id":3017,"date":"2019-06-18T11:01:48","date_gmt":"2019-06-18T09:01:48","guid":{"rendered":"http:\/\/agora.xtec.cat\/ceip-catalunya-sabadell\/?p=3017"},"modified":"2019-06-21T12:14:27","modified_gmt":"2019-06-21T10:14:27","slug":"el-petit-princep","status":"publish","type":"post","link":"https:\/\/agora.xtec.cat\/ceip-catalunya-sabadell\/infantil\/el-petit-princep\/","title":{"rendered":"El Petit Pr\u00edncep"},"content":{"rendered":"<p style=\"text-align: left;\">L&#8217;espectacle, basat en el conte d&#8217;Antoine de Saint-Exup\u00e9ry, realitzat per els alumnes i les alumnes de 5\u00e9, amb adaptaci\u00f3 i direcci\u00f3 de Montse Cort\u00e9s, direcci\u00f3 musical de Cristina Llistar, atrezzo i decorats de J\u00falia i Mariona, va captivar als espectadors tot i que va a ser un \u00e8xit total.<\/p>\n<p>La representaci\u00f3 es va dur a terme els dies 6 i 7 de juny a l&#8217;auditori del centre c\u00edvic de Can Rull, on va ser representada per als companys de l&#8217;Escola Catalunya de Sabadell i per als pares i mares d&#8217;aquests.<\/p>\n<p>L&#8217;obra narra la trobada entre un nen i un aviador, els di\u00e0legs que tenen i com aquests fan replantejar la vida a l&#8217;adult.<\/p>\n<p>Esperem poder tornar a gaudir-la un altre cop!!!!!<\/p>\n<p>A continuaci\u00f3 deixem una mena de fotos i el v\u00eddeo d&#8217;aquest meravell\u00f3s espectacle:<\/p>\n<p><iframe loading=\"lazy\" src=\"\/\/www.youtube.com\/embed\/Lau8YESxtkQ\" width=\"560\" height=\"314\" allowfullscreen=\"allowfullscreen\"><\/iframe><\/p>\n<p>Cliqueu a la imatge per accedir a l&#8217;\u00e0lbum:<\/p>\n<p><a href=\"https:\/\/photos.app.goo.gl\/e5tLtjyttcFsDWxR6\"><img loading=\"lazy\" decoding=\"async\" class=\"attachment-266x266 alignnone\" src=\"https:\/\/agora.xtec.cat\/ceip-catalunya-sabadell\/wp-content\/uploads\/usu823\/2019\/06\/IMG_20190606_123600-min.jpg\" alt=\"\" width=\"266\" height=\"200\" \/><\/a><\/p>\n","protected":false},"excerpt":{"rendered":"<p>L&#8217;espectacle, basat en el conte d&#8217;Antoine de Saint-Exup\u00e9ry, realitzat per els alumnes i les alumnes de 5\u00e9, amb adaptaci\u00f3 i direcci\u00f3 de Montse Cort\u00e9s, direcci\u00f3 musical de Cristina Llistar, atrezzo i decorats de J\u00falia i Mariona, va captivar als espectadors tot i que va a&hellip;  <a href=\"https:\/\/agora.xtec.cat\/ceip-catalunya-sabadell\/infantil\/el-petit-princep\/\" title=\"Read El Petit Pr\u00edncep\">Llegeix m\u00e9s\u00bb<\/a><\/p>\n","protected":false},"author":3,"featured_media":3021,"comment_status":"open","ping_status":"closed","sticky":false,"template":"","format":"standard","meta":{"_bbp_topic_count":0,"_bbp_reply_count":0,"_bbp_total_topic_count":0,"_bbp_total_reply_count":0,"_bbp_voice_count":0,"_bbp_anonymous_reply_count":0,"_bbp_topic_count_hidden":0,"_bbp_reply_count_hidden":0,"_bbp_forum_subforum_count":0,"footnotes":""},"categories":[14,2,4,5,37],"tags":[],"class_list":["post-3017","post","type-post","status-publish","format-standard","has-post-thumbnail","hentry","category-5e","category-infantil","category-portada","category-primaria","category-teatre"],"post_mailing_queue_ids":[],"_links":{"self":[{"href":"https:\/\/agora.xtec.cat\/ceip-catalunya-sabadell\/wp-json\/wp\/v2\/posts\/3017","targetHints":{"allow":["GET"]}}],"collection":[{"href":"https:\/\/agora.xtec.cat\/ceip-catalunya-sabadell\/wp-json\/wp\/v2\/posts"}],"about":[{"href":"https:\/\/agora.xtec.cat\/ceip-catalunya-sabadell\/wp-json\/wp\/v2\/types\/post"}],"author":[{"embeddable":true,"href":"https:\/\/agora.xtec.cat\/ceip-catalunya-sabadell\/wp-json\/wp\/v2\/users\/3"}],"replies":[{"embeddable":true,"href":"https:\/\/agora.xtec.cat\/ceip-catalunya-sabadell\/wp-json\/wp\/v2\/comments?post=3017"}],"version-history":[{"count":3,"href":"https:\/\/agora.xtec.cat\/ceip-catalunya-sabadell\/wp-json\/wp\/v2\/posts\/3017\/revisions"}],"predecessor-version":[{"id":3035,"href":"https:\/\/agora.xtec.cat\/ceip-catalunya-sabadell\/wp-json\/wp\/v2\/posts\/3017\/revisions\/3035"}],"wp:featuredmedia":[{"embeddable":true,"href":"https:\/\/agora.xtec.cat\/ceip-catalunya-sabadell\/wp-json\/wp\/v2\/media\/3021"}],"wp:attachment":[{"href":"https:\/\/agora.xtec.cat\/ceip-catalunya-sabadell\/wp-json\/wp\/v2\/media?parent=3017"}],"wp:term":[{"taxonomy":"category","embeddable":true,"href":"https:\/\/agora.xtec.cat\/ceip-catalunya-sabadell\/wp-json\/wp\/v2\/categories?post=3017"},{"taxonomy":"post_tag","embeddable":true,"href":"https:\/\/agora.xtec.cat\/ceip-catalunya-sabadell\/wp-json\/wp\/v2\/tags?post=3017"}],"curies":[{"name":"wp","href":"https:\/\/api.w.org\/{rel}","templated":true}]}}