{"id":3013,"date":"2019-06-17T09:52:27","date_gmt":"2019-06-17T07:52:27","guid":{"rendered":"http:\/\/agora.xtec.cat\/ceip-catalunya-sabadell\/?p=3013"},"modified":"2019-11-13T10:08:36","modified_gmt":"2019-11-13T09:08:36","slug":"trenet-del-parc-catalunya","status":"publish","type":"post","link":"https:\/\/agora.xtec.cat\/ceip-catalunya-sabadell\/infantil\/trenet-del-parc-catalunya\/","title":{"rendered":"TRENET DEL PARC CATALUNYA"},"content":{"rendered":"<p>Bona tarda fam\u00edlies!<\/p>\n<p>Fa uns dies les classes dels Ossos i dels Esquirols vam fer una sortida al Trenet del Parc Catalunya. Ens ho vam passar d&#8217;all\u00f2 m\u00e9s b\u00e9! Aqu\u00ed teniu un petit video resum de la sortida.<\/p>\n<p>Cliqueu a l&#8217;enlla\u00e7 per accedir-hi.<\/p>\n<p>&nbsp;<\/p>\n<p><a href=\"https:\/\/youtu.be\/crUsjegZmxU\">https:\/\/youtu.be\/crUsjegZmxU<\/a><\/p>\n<p>&nbsp;<\/p>\n<p>Fins aviat!<\/p>\n","protected":false},"excerpt":{"rendered":"<p>Bona tarda fam\u00edlies!<br \/>\nFa uns dies les classes dels Ossos i dels Esquirols vam fer una sortida al Trenet del Parc Catalunya. Ens ho vam passar d&#8217;all\u00f2 m\u00e9s b\u00e9! Aqu\u00ed teniu un petit video resum de la sortida.<br \/>\nCliqueu a l&#8217;enlla\u00e7 per accedir-hi.<br \/>\n&nbsp;<br \/>\n<a href=\"https:\/\/youtu.be\/crUsjegZmxU\">https:\/\/youtu.be\/crUsjegZmxU<\/a><br \/>\n&nbsp;<br \/>\nFins aviat!<\/p>\n","protected":false},"author":40,"featured_media":3016,"comment_status":"open","ping_status":"closed","sticky":false,"template":"","format":"standard","meta":{"_bbp_topic_count":0,"_bbp_reply_count":0,"_bbp_total_topic_count":0,"_bbp_total_reply_count":0,"_bbp_voice_count":0,"_bbp_anonymous_reply_count":0,"_bbp_topic_count_hidden":0,"_bbp_reply_count_hidden":0,"_bbp_forum_subforum_count":0,"footnotes":""},"categories":[119,2],"tags":[],"class_list":["post-3013","post","type-post","status-publish","format-standard","has-post-thumbnail","hentry","category-promocio-18-27","category-infantil"],"post_mailing_queue_ids":[],"_links":{"self":[{"href":"https:\/\/agora.xtec.cat\/ceip-catalunya-sabadell\/wp-json\/wp\/v2\/posts\/3013","targetHints":{"allow":["GET"]}}],"collection":[{"href":"https:\/\/agora.xtec.cat\/ceip-catalunya-sabadell\/wp-json\/wp\/v2\/posts"}],"about":[{"href":"https:\/\/agora.xtec.cat\/ceip-catalunya-sabadell\/wp-json\/wp\/v2\/types\/post"}],"author":[{"embeddable":true,"href":"https:\/\/agora.xtec.cat\/ceip-catalunya-sabadell\/wp-json\/wp\/v2\/users\/40"}],"replies":[{"embeddable":true,"href":"https:\/\/agora.xtec.cat\/ceip-catalunya-sabadell\/wp-json\/wp\/v2\/comments?post=3013"}],"version-history":[{"count":1,"href":"https:\/\/agora.xtec.cat\/ceip-catalunya-sabadell\/wp-json\/wp\/v2\/posts\/3013\/revisions"}],"predecessor-version":[{"id":3014,"href":"https:\/\/agora.xtec.cat\/ceip-catalunya-sabadell\/wp-json\/wp\/v2\/posts\/3013\/revisions\/3014"}],"wp:featuredmedia":[{"embeddable":true,"href":"https:\/\/agora.xtec.cat\/ceip-catalunya-sabadell\/wp-json\/wp\/v2\/media\/3016"}],"wp:attachment":[{"href":"https:\/\/agora.xtec.cat\/ceip-catalunya-sabadell\/wp-json\/wp\/v2\/media?parent=3013"}],"wp:term":[{"taxonomy":"category","embeddable":true,"href":"https:\/\/agora.xtec.cat\/ceip-catalunya-sabadell\/wp-json\/wp\/v2\/categories?post=3013"},{"taxonomy":"post_tag","embeddable":true,"href":"https:\/\/agora.xtec.cat\/ceip-catalunya-sabadell\/wp-json\/wp\/v2\/tags?post=3013"}],"curies":[{"name":"wp","href":"https:\/\/api.w.org\/{rel}","templated":true}]}}