{"id":3009,"date":"2019-06-12T12:59:44","date_gmt":"2019-06-12T10:59:44","guid":{"rendered":"http:\/\/agora.xtec.cat\/ceip-catalunya-sabadell\/?p=3009"},"modified":"2019-06-12T12:59:59","modified_gmt":"2019-06-12T10:59:59","slug":"revista-la-ceba","status":"publish","type":"post","link":"https:\/\/agora.xtec.cat\/ceip-catalunya-sabadell\/general\/revista-la-ceba\/","title":{"rendered":"REVISTA LA CEBA"},"content":{"rendered":"<p>Aqu\u00ed tenim\u00a0 la publicaci\u00f3 de la revista La Ceba, curs 201819, la publicaci\u00f3\u00a0 on participem nombroses escoles de Sabadell i Sant Quirze.<\/p>\n<p>Enguany, la nostra participaci\u00f3 ha estat un article sobre el treball que fem per celebrar EL DIA DE LA M\u00daSICA, ja que el tema triat per l&#8217;edici\u00f3 de la revista era fer un monogr\u00e0fic d&#8217;arts.<\/p>\n<p>Cliqueu a sobre de la imatge i accedireu directes a la publicaci\u00f3:<\/p>\n<p><a href=\"https:\/\/sites.google.com\/a\/xtec.cat\/la-ceba-2018-2019-monografic-d-arts\/\"><img loading=\"lazy\" decoding=\"async\" class=\" wp-image-3010 aligncenter\" src=\"https:\/\/agora.xtec.cat\/ceip-catalunya-sabadell\/wp-content\/uploads\/usu823\/2019\/06\/resized_La-ceba.jpg\" alt=\"\" width=\"269\" height=\"157\" \/><\/a><\/p>\n","protected":false},"excerpt":{"rendered":"<p>Aqu\u00ed tenim\u00a0 la publicaci\u00f3 de la revista La Ceba, curs 201819, la publicaci\u00f3\u00a0 on participem nombroses escoles de Sabadell i Sant Quirze.<br \/>\nEnguany, la nostra participaci\u00f3 ha estat un article sobre el treball que fem per celebrar EL DIA DE LA M\u00daSICA, ja que el tema&hellip;  <a href=\"https:\/\/agora.xtec.cat\/ceip-catalunya-sabadell\/general\/revista-la-ceba\/\" title=\"Read REVISTA LA CEBA\">Llegeix m\u00e9s\u00bb<\/a><\/p>\n","protected":false},"author":22,"featured_media":3010,"comment_status":"open","ping_status":"closed","sticky":false,"template":"","format":"standard","meta":{"_bbp_topic_count":0,"_bbp_reply_count":0,"_bbp_total_topic_count":0,"_bbp_total_reply_count":0,"_bbp_voice_count":0,"_bbp_anonymous_reply_count":0,"_bbp_topic_count_hidden":0,"_bbp_reply_count_hidden":0,"_bbp_forum_subforum_count":0,"footnotes":""},"categories":[36,1,44,4],"tags":[],"class_list":["post-3009","post","type-post","status-publish","format-standard","has-post-thumbnail","hentry","category-festes","category-general","category-musica","category-portada"],"post_mailing_queue_ids":[],"_links":{"self":[{"href":"https:\/\/agora.xtec.cat\/ceip-catalunya-sabadell\/wp-json\/wp\/v2\/posts\/3009","targetHints":{"allow":["GET"]}}],"collection":[{"href":"https:\/\/agora.xtec.cat\/ceip-catalunya-sabadell\/wp-json\/wp\/v2\/posts"}],"about":[{"href":"https:\/\/agora.xtec.cat\/ceip-catalunya-sabadell\/wp-json\/wp\/v2\/types\/post"}],"author":[{"embeddable":true,"href":"https:\/\/agora.xtec.cat\/ceip-catalunya-sabadell\/wp-json\/wp\/v2\/users\/22"}],"replies":[{"embeddable":true,"href":"https:\/\/agora.xtec.cat\/ceip-catalunya-sabadell\/wp-json\/wp\/v2\/comments?post=3009"}],"version-history":[{"count":2,"href":"https:\/\/agora.xtec.cat\/ceip-catalunya-sabadell\/wp-json\/wp\/v2\/posts\/3009\/revisions"}],"predecessor-version":[{"id":3012,"href":"https:\/\/agora.xtec.cat\/ceip-catalunya-sabadell\/wp-json\/wp\/v2\/posts\/3009\/revisions\/3012"}],"wp:featuredmedia":[{"embeddable":true,"href":"https:\/\/agora.xtec.cat\/ceip-catalunya-sabadell\/wp-json\/wp\/v2\/media\/3010"}],"wp:attachment":[{"href":"https:\/\/agora.xtec.cat\/ceip-catalunya-sabadell\/wp-json\/wp\/v2\/media?parent=3009"}],"wp:term":[{"taxonomy":"category","embeddable":true,"href":"https:\/\/agora.xtec.cat\/ceip-catalunya-sabadell\/wp-json\/wp\/v2\/categories?post=3009"},{"taxonomy":"post_tag","embeddable":true,"href":"https:\/\/agora.xtec.cat\/ceip-catalunya-sabadell\/wp-json\/wp\/v2\/tags?post=3009"}],"curies":[{"name":"wp","href":"https:\/\/api.w.org\/{rel}","templated":true}]}}