{"id":2995,"date":"2019-06-03T09:32:44","date_gmt":"2019-06-03T07:32:44","guid":{"rendered":"http:\/\/agora.xtec.cat\/ceip-catalunya-sabadell\/?p=2995"},"modified":"2019-06-03T09:32:59","modified_gmt":"2019-06-03T07:32:59","slug":"un-dissabte-especial","status":"publish","type":"post","link":"https:\/\/agora.xtec.cat\/ceip-catalunya-sabadell\/portada\/un-dissabte-especial\/","title":{"rendered":"Un dissabte especial"},"content":{"rendered":"<p>Dissabte 1 de juny vam tenir un mat\u00ed molt especial&#8230; festa d&#8217;extraescolars, vermut electr\u00f2nic amb inauguraci\u00f3 del mural pintat per l&#8217;artista Werens i un bon desplegament d&#8217;activitats efectuades per l&#8217;AMPA: envernissar la caseta i els troncs del pati d&#8217;Educaci\u00f3 Infantil, muntatge dels aparcabicis a l&#8217;entrada de la porta de l&#8217;escola i la pintada dels camins escolars. Moltes gr\u00e0cies\u00a0 a tothom per ser-hi!<\/p>\n<p><a href=\"https:\/\/photos.app.goo.gl\/QTCVJD1egyhtoY7w5\"><img loading=\"lazy\" decoding=\"async\" class=\"size-full wp-image-2996 aligncenter\" src=\"https:\/\/agora.xtec.cat\/ceip-catalunya-sabadell\/wp-content\/uploads\/usu823\/2019\/06\/resized_630DE2C1-D400-4F30-AB1A-5F5A8AA56B4D.jpg\" alt=\"\" width=\"230\" height=\"172\" srcset=\"https:\/\/agora.xtec.cat\/ceip-catalunya-sabadell\/wp-content\/uploads\/usu823\/2019\/06\/resized_630DE2C1-D400-4F30-AB1A-5F5A8AA56B4D.jpg 230w, https:\/\/agora.xtec.cat\/ceip-catalunya-sabadell\/wp-content\/uploads\/usu823\/2019\/06\/resized_630DE2C1-D400-4F30-AB1A-5F5A8AA56B4D-200x150.jpg 200w\" sizes=\"auto, (max-width: 230px) 100vw, 230px\" \/><\/a><\/p>\n","protected":false},"excerpt":{"rendered":"<p>Dissabte 1 de juny vam tenir un mat\u00ed molt especial&#8230; festa d&#8217;extraescolars, vermut electr\u00f2nic amb inauguraci\u00f3 del mural pintat per l&#8217;artista Werens i un bon desplegament d&#8217;activitats efectuades per l&#8217;AMPA: envernissar la caseta i els troncs del pati d&#8217;Educaci\u00f3 Infantil, muntatge dels aparcabicis a l&#8217;entrada&hellip;  <a href=\"https:\/\/agora.xtec.cat\/ceip-catalunya-sabadell\/portada\/un-dissabte-especial\/\" title=\"Read Un dissabte especial\">Llegeix m\u00e9s\u00bb<\/a><\/p>\n","protected":false},"author":22,"featured_media":2996,"comment_status":"open","ping_status":"closed","sticky":false,"template":"","format":"standard","meta":{"_bbp_topic_count":0,"_bbp_reply_count":0,"_bbp_total_topic_count":0,"_bbp_total_reply_count":0,"_bbp_voice_count":0,"_bbp_anonymous_reply_count":0,"_bbp_topic_count_hidden":0,"_bbp_reply_count_hidden":0,"_bbp_forum_subforum_count":0,"footnotes":""},"categories":[7,4],"tags":[],"class_list":["post-2995","post","type-post","status-publish","format-standard","has-post-thumbnail","hentry","category-ampa","category-portada"],"post_mailing_queue_ids":[],"_links":{"self":[{"href":"https:\/\/agora.xtec.cat\/ceip-catalunya-sabadell\/wp-json\/wp\/v2\/posts\/2995","targetHints":{"allow":["GET"]}}],"collection":[{"href":"https:\/\/agora.xtec.cat\/ceip-catalunya-sabadell\/wp-json\/wp\/v2\/posts"}],"about":[{"href":"https:\/\/agora.xtec.cat\/ceip-catalunya-sabadell\/wp-json\/wp\/v2\/types\/post"}],"author":[{"embeddable":true,"href":"https:\/\/agora.xtec.cat\/ceip-catalunya-sabadell\/wp-json\/wp\/v2\/users\/22"}],"replies":[{"embeddable":true,"href":"https:\/\/agora.xtec.cat\/ceip-catalunya-sabadell\/wp-json\/wp\/v2\/comments?post=2995"}],"version-history":[{"count":1,"href":"https:\/\/agora.xtec.cat\/ceip-catalunya-sabadell\/wp-json\/wp\/v2\/posts\/2995\/revisions"}],"predecessor-version":[{"id":2997,"href":"https:\/\/agora.xtec.cat\/ceip-catalunya-sabadell\/wp-json\/wp\/v2\/posts\/2995\/revisions\/2997"}],"wp:featuredmedia":[{"embeddable":true,"href":"https:\/\/agora.xtec.cat\/ceip-catalunya-sabadell\/wp-json\/wp\/v2\/media\/2996"}],"wp:attachment":[{"href":"https:\/\/agora.xtec.cat\/ceip-catalunya-sabadell\/wp-json\/wp\/v2\/media?parent=2995"}],"wp:term":[{"taxonomy":"category","embeddable":true,"href":"https:\/\/agora.xtec.cat\/ceip-catalunya-sabadell\/wp-json\/wp\/v2\/categories?post=2995"},{"taxonomy":"post_tag","embeddable":true,"href":"https:\/\/agora.xtec.cat\/ceip-catalunya-sabadell\/wp-json\/wp\/v2\/tags?post=2995"}],"curies":[{"name":"wp","href":"https:\/\/api.w.org\/{rel}","templated":true}]}}