{"id":2931,"date":"2019-05-24T15:41:25","date_gmt":"2019-05-24T13:41:25","guid":{"rendered":"http:\/\/agora.xtec.cat\/ceip-catalunya-sabadell\/?p=2931"},"modified":"2019-05-24T15:42:07","modified_gmt":"2019-05-24T13:42:07","slug":"1-minut-de-silenci-per-la-terra","status":"publish","type":"post","link":"https:\/\/agora.xtec.cat\/ceip-catalunya-sabadell\/general\/1-minut-de-silenci-per-la-terra\/","title":{"rendered":"1 MINUT DE SILENCI PER LA TERRA"},"content":{"rendered":"<p style=\"text-align: center\"><a href=\"https:\/\/agora.xtec.cat\/ceip-catalunya-sabadell\/wp-content\/uploads\/usu823\/2019\/05\/image001.jpg\"><img loading=\"lazy\" decoding=\"async\" class=\"alignnone size-medium wp-image-2932\" src=\"https:\/\/agora.xtec.cat\/ceip-catalunya-sabadell\/wp-content\/uploads\/usu823\/2019\/05\/image001-212x300.jpg\" alt=\"\" width=\"212\" height=\"300\" srcset=\"https:\/\/agora.xtec.cat\/ceip-catalunya-sabadell\/wp-content\/uploads\/usu823\/2019\/05\/image001-212x300.jpg 212w, https:\/\/agora.xtec.cat\/ceip-catalunya-sabadell\/wp-content\/uploads\/usu823\/2019\/05\/image001.jpg 350w\" sizes=\"auto, (max-width: 212px) 100vw, 212px\" \/><\/a><\/p>\n<p style=\"font-weight: 400\">Bon dia fam\u00edlies,<\/p>\n<p style=\"font-weight: 400\">avui divendres dia 24 de maig s&#8217;ha dut a terme la\u00a0 convocat\u00f2ria\u00a0 d&#8217;una altra vaga global d&#8217;estudiants pel clima, una <strong>manifestaci\u00f3 per l&#8217;EMERG\u00c8NCIA CLIM\u00c0TICA.<\/strong><\/p>\n<p style=\"font-weight: 400\">Moltes de les\u00a0 assemblees verdes, constitu\u00efdes per infants, joves, docents i fam\u00edlies, busquen la manera de mostrar el seu recolzament total a aquesta acci\u00f3.<\/p>\n<p style=\"font-weight: 400\">Una de les propostes ha sigut\u00a0 fer un gest a les escoles per fer un treball de reflexi\u00f3 amb l&#8217;alumnat sobre el canvi clim\u00e0tic, i aquesta nova acci\u00f3 ha estat fer 1 minut de silenci pel planeta a les 9 del mat\u00ed (a les aules), seguida d&#8217;una petita reflexi\u00f3 sobre el motiu, les causes i les conseq\u00fc\u00e8ncies per part del professorat a cada aula.<\/p>\n<p>Hem decidit sumar-nos a aquesta iniciativa i fer l&#8217;enregistrament de l&#8217;acci\u00f3, que podeu veure en aquest article i que ha anat acompanyada de diferents reflexions fetes a les aules.<\/p>\n<p>Des de l&#8217;escola, us animem a que tots plegats continuem amb el treball conjunt que portem a terme amb mesures de consum energ\u00e8tic raonable, la gesti\u00f3 dels residus, la cura del nostre entorn&#8230;<\/p>\n<p>Per acabar aquest article, us deixem un antic proverbi i unes frases per reflexionar&#8230;<\/p>\n<p>&#8220;LA TERRA NO \u00c9S UNA HER\u00c8NCIA DELS NOSTRES AVANTPASSATS, \u00c9S UN PR\u00c9STEC DELS NOSTRES FILLS&#8221;<\/p>\n<p style=\"font-weight: 400\">Fem que tamb\u00e9 se senti la veu dels m\u00e9s menuts!<\/p>\n<p style=\"font-weight: 400\">Parlem\u00a0del\u00a0nostre present, per\u00f2 sobretot parlem\u00a0del\u00a0seu futur.<\/p>\n<p style=\"font-weight: 400\"><em>\u201cSi no \u00e9s ara, quan? Si no som nosaltres, qui?\u201d<\/em><\/p>\n<p>&nbsp;<\/p>\n<p><iframe loading=\"lazy\" title=\"1 minut de silenci pel PLANETA TERRA\" width=\"500\" height=\"375\" src=\"https:\/\/www.youtube.com\/embed\/nU_o90jn_nw?feature=oembed\" frameborder=\"0\" allow=\"accelerometer; autoplay; clipboard-write; encrypted-media; gyroscope; picture-in-picture; web-share\" referrerpolicy=\"strict-origin-when-cross-origin\" allowfullscreen><\/iframe><\/p>\n<p>&nbsp;<\/p>\n<p>&nbsp;<\/p>\n<p>&nbsp;<\/p>\n<p>&nbsp;<\/p>\n","protected":false},"excerpt":{"rendered":"<p><a href=\"https:\/\/agora.xtec.cat\/ceip-catalunya-sabadell\/wp-content\/uploads\/usu823\/2019\/05\/image001.jpg\"><\/a><br \/>\nBon dia fam\u00edlies,<br \/>\navui divendres dia 24 de maig s&#8217;ha dut a terme la\u00a0 convocat\u00f2ria\u00a0 d&#8217;una altra vaga global d&#8217;estudiants pel clima, una manifestaci\u00f3 per l&#8217;EMERG\u00c8NCIA CLIM\u00c0TICA.<br \/>\nMoltes de les\u00a0 assemblees verdes, constitu\u00efdes per infants, joves, docents i fam\u00edlies, busquen la manera de mostrar el seu&hellip;  <a href=\"https:\/\/agora.xtec.cat\/ceip-catalunya-sabadell\/general\/1-minut-de-silenci-per-la-terra\/\" title=\"Read 1 MINUT DE SILENCI PER LA TERRA\">Llegeix m\u00e9s\u00bb<\/a><\/p>\n","protected":false},"author":22,"featured_media":2932,"comment_status":"open","ping_status":"closed","sticky":false,"template":"","format":"standard","meta":{"_bbp_topic_count":0,"_bbp_reply_count":0,"_bbp_total_topic_count":0,"_bbp_total_reply_count":0,"_bbp_voice_count":0,"_bbp_anonymous_reply_count":0,"_bbp_topic_count_hidden":0,"_bbp_reply_count_hidden":0,"_bbp_forum_subforum_count":0,"footnotes":""},"categories":[38,1,4,5],"tags":[],"class_list":["post-2931","post","type-post","status-publish","format-standard","has-post-thumbnail","hentry","category-sostenible","category-general","category-portada","category-primaria"],"post_mailing_queue_ids":[],"_links":{"self":[{"href":"https:\/\/agora.xtec.cat\/ceip-catalunya-sabadell\/wp-json\/wp\/v2\/posts\/2931","targetHints":{"allow":["GET"]}}],"collection":[{"href":"https:\/\/agora.xtec.cat\/ceip-catalunya-sabadell\/wp-json\/wp\/v2\/posts"}],"about":[{"href":"https:\/\/agora.xtec.cat\/ceip-catalunya-sabadell\/wp-json\/wp\/v2\/types\/post"}],"author":[{"embeddable":true,"href":"https:\/\/agora.xtec.cat\/ceip-catalunya-sabadell\/wp-json\/wp\/v2\/users\/22"}],"replies":[{"embeddable":true,"href":"https:\/\/agora.xtec.cat\/ceip-catalunya-sabadell\/wp-json\/wp\/v2\/comments?post=2931"}],"version-history":[{"count":2,"href":"https:\/\/agora.xtec.cat\/ceip-catalunya-sabadell\/wp-json\/wp\/v2\/posts\/2931\/revisions"}],"predecessor-version":[{"id":2935,"href":"https:\/\/agora.xtec.cat\/ceip-catalunya-sabadell\/wp-json\/wp\/v2\/posts\/2931\/revisions\/2935"}],"wp:featuredmedia":[{"embeddable":true,"href":"https:\/\/agora.xtec.cat\/ceip-catalunya-sabadell\/wp-json\/wp\/v2\/media\/2932"}],"wp:attachment":[{"href":"https:\/\/agora.xtec.cat\/ceip-catalunya-sabadell\/wp-json\/wp\/v2\/media?parent=2931"}],"wp:term":[{"taxonomy":"category","embeddable":true,"href":"https:\/\/agora.xtec.cat\/ceip-catalunya-sabadell\/wp-json\/wp\/v2\/categories?post=2931"},{"taxonomy":"post_tag","embeddable":true,"href":"https:\/\/agora.xtec.cat\/ceip-catalunya-sabadell\/wp-json\/wp\/v2\/tags?post=2931"}],"curies":[{"name":"wp","href":"https:\/\/api.w.org\/{rel}","templated":true}]}}