{"id":2925,"date":"2019-05-24T16:04:05","date_gmt":"2019-05-24T14:04:05","guid":{"rendered":"http:\/\/agora.xtec.cat\/ceip-catalunya-sabadell\/?p=2925"},"modified":"2019-05-24T16:04:05","modified_gmt":"2019-05-24T14:04:05","slug":"camera-gravant-micro-gravant-3-2-1-accio","status":"publish","type":"post","link":"https:\/\/agora.xtec.cat\/ceip-catalunya-sabadell\/general\/camera-gravant-micro-gravant-3-2-1-accio\/","title":{"rendered":"C\u00e0mera gravant, micro gravant&#8230; 3, 2, 1&#8230; ACCI\u00d3!"},"content":{"rendered":"<p>La setmana passada, els alumnes de 4t van enregistrar el telenot\u00edcies que havien estat preparant durant el segon trimestre. Gr\u00e0cies a &#8220;El bombeto&#8221;, han pogut gravar les not\u00edcies i posteriorment amb la t\u00e8cnica de croma de postproducci\u00f3 i efectes visuals, es substituir\u00e0 el fons de color verd per imatges o v\u00eddeos que han cercat els alumnes, aconseguint d&#8217;aquesta forma una composici\u00f3 nova.<\/p>\n<p>Us deixem algunes fotos i v\u00eddeos dels moments de gravaci\u00f3. Cliqueu l&#8217;enlla\u00e7 per veure-les.<\/p>\n<p><a href=\"https:\/\/photos.app.goo.gl\/X6UrQZQhgMWFP9318\">https:\/\/photos.app.goo.gl\/X6UrQZQhgMWFP9318<\/a><\/p>\n<p>Ben aviat, tindrem el telenot\u00edcies complert!!!<\/p>\n<p>&nbsp;<\/p>\n<p>&nbsp;<\/p>\n","protected":false},"excerpt":{"rendered":"<p>La setmana passada, els alumnes de 4t van enregistrar el telenot\u00edcies que havien estat preparant durant el segon trimestre. Gr\u00e0cies a &#8220;El bombeto&#8221;, han pogut gravar les not\u00edcies i posteriorment amb la t\u00e8cnica de croma de postproducci\u00f3 i efectes visuals, es substituir\u00e0 el fons de&hellip;  <a href=\"https:\/\/agora.xtec.cat\/ceip-catalunya-sabadell\/general\/camera-gravant-micro-gravant-3-2-1-accio\/\" title=\"Read C\u00e0mera gravant, micro gravant&#8230; 3, 2, 1&#8230; ACCI\u00d3!\">Llegeix m\u00e9s\u00bb<\/a><\/p>\n","protected":false},"author":3,"featured_media":0,"comment_status":"open","ping_status":"closed","sticky":false,"template":"","format":"standard","meta":{"_bbp_topic_count":0,"_bbp_reply_count":0,"_bbp_total_topic_count":0,"_bbp_total_reply_count":0,"_bbp_voice_count":0,"_bbp_anonymous_reply_count":0,"_bbp_topic_count_hidden":0,"_bbp_reply_count_hidden":0,"_bbp_forum_subforum_count":0,"footnotes":""},"categories":[13,1,37],"tags":[],"class_list":["post-2925","post","type-post","status-publish","format-standard","hentry","category-4t","category-general","category-teatre"],"post_mailing_queue_ids":[],"_links":{"self":[{"href":"https:\/\/agora.xtec.cat\/ceip-catalunya-sabadell\/wp-json\/wp\/v2\/posts\/2925","targetHints":{"allow":["GET"]}}],"collection":[{"href":"https:\/\/agora.xtec.cat\/ceip-catalunya-sabadell\/wp-json\/wp\/v2\/posts"}],"about":[{"href":"https:\/\/agora.xtec.cat\/ceip-catalunya-sabadell\/wp-json\/wp\/v2\/types\/post"}],"author":[{"embeddable":true,"href":"https:\/\/agora.xtec.cat\/ceip-catalunya-sabadell\/wp-json\/wp\/v2\/users\/3"}],"replies":[{"embeddable":true,"href":"https:\/\/agora.xtec.cat\/ceip-catalunya-sabadell\/wp-json\/wp\/v2\/comments?post=2925"}],"version-history":[{"count":2,"href":"https:\/\/agora.xtec.cat\/ceip-catalunya-sabadell\/wp-json\/wp\/v2\/posts\/2925\/revisions"}],"predecessor-version":[{"id":2936,"href":"https:\/\/agora.xtec.cat\/ceip-catalunya-sabadell\/wp-json\/wp\/v2\/posts\/2925\/revisions\/2936"}],"wp:attachment":[{"href":"https:\/\/agora.xtec.cat\/ceip-catalunya-sabadell\/wp-json\/wp\/v2\/media?parent=2925"}],"wp:term":[{"taxonomy":"category","embeddable":true,"href":"https:\/\/agora.xtec.cat\/ceip-catalunya-sabadell\/wp-json\/wp\/v2\/categories?post=2925"},{"taxonomy":"post_tag","embeddable":true,"href":"https:\/\/agora.xtec.cat\/ceip-catalunya-sabadell\/wp-json\/wp\/v2\/tags?post=2925"}],"curies":[{"name":"wp","href":"https:\/\/api.w.org\/{rel}","templated":true}]}}