{"id":2907,"date":"2019-05-17T13:31:58","date_gmt":"2019-05-17T11:31:58","guid":{"rendered":"http:\/\/agora.xtec.cat\/ceip-catalunya-sabadell\/?p=2907"},"modified":"2019-05-17T13:31:58","modified_gmt":"2019-05-17T11:31:58","slug":"visita-al-cim-daligues","status":"publish","type":"post","link":"https:\/\/agora.xtec.cat\/ceip-catalunya-sabadell\/general\/visita-al-cim-daligues\/","title":{"rendered":"Visita al Cim d&#8217;\u00c0ligues"},"content":{"rendered":"<p>Benvolgudes fam\u00edlies,<\/p>\n<p>El passat 16 de maig vam anar d\u2019excursi\u00f3 al Cim de les \u00c0ligues on hem pogut gaudir d\u2019una gran varietat d\u2019ocells rapinyaires. Els hem vist de ben a prop i hem estat molt afortunats i afortunades veient-los en ple vol! A m\u00e9s de con\u00e8ixer a aquests rapinyaires, hem apr\u00e8s caracter\u00edstiques pr\u00f2pies d\u2019aquests ocells (bec i urpes en forma de ganxo, aus nocturnes o di\u00fcrnes, carronyaires o ca\u00e7adors&#8230;) i ens hem endinsat en el bosc mediterrani per con\u00e8ixer m\u00e9s sobre el seu h\u00e0bitat.<\/p>\n<p>Us deixem un recull de fotografies, a nosaltres ens ha agradat molt\u00edssim!<\/p>\n<p>Els i les alumnes de 3r.<\/p>\n<p><a href=\"https:\/\/agora.xtec.cat\/ceip-catalunya-sabadell\/wp-content\/uploads\/usu823\/2019\/05\/resized_DSCN1711.jpg\"><img loading=\"lazy\" decoding=\"async\" class=\"alignnone size-full wp-image-2909\" src=\"https:\/\/agora.xtec.cat\/ceip-catalunya-sabadell\/wp-content\/uploads\/usu823\/2019\/05\/resized_DSCN1711.jpg\" alt=\"\" width=\"230\" height=\"173\" srcset=\"https:\/\/agora.xtec.cat\/ceip-catalunya-sabadell\/wp-content\/uploads\/usu823\/2019\/05\/resized_DSCN1711.jpg 230w, https:\/\/agora.xtec.cat\/ceip-catalunya-sabadell\/wp-content\/uploads\/usu823\/2019\/05\/resized_DSCN1711-200x150.jpg 200w\" sizes=\"auto, (max-width: 230px) 100vw, 230px\" \/><\/a> <a href=\"https:\/\/agora.xtec.cat\/ceip-catalunya-sabadell\/wp-content\/uploads\/usu823\/2019\/05\/resized_DSCN1713.jpg\"><img loading=\"lazy\" decoding=\"async\" class=\"alignnone size-large wp-image-2910\" src=\"https:\/\/agora.xtec.cat\/ceip-catalunya-sabadell\/wp-content\/uploads\/usu823\/2019\/05\/resized_DSCN1713.jpg\" alt=\"\" width=\"230\" height=\"173\" srcset=\"https:\/\/agora.xtec.cat\/ceip-catalunya-sabadell\/wp-content\/uploads\/usu823\/2019\/05\/resized_DSCN1713.jpg 230w, https:\/\/agora.xtec.cat\/ceip-catalunya-sabadell\/wp-content\/uploads\/usu823\/2019\/05\/resized_DSCN1713-200x150.jpg 200w\" sizes=\"auto, (max-width: 230px) 100vw, 230px\" \/><\/a> <a href=\"https:\/\/agora.xtec.cat\/ceip-catalunya-sabadell\/wp-content\/uploads\/usu823\/2019\/05\/resized_DSCN1714.jpg\"><img loading=\"lazy\" decoding=\"async\" class=\"alignnone size-large wp-image-2911\" src=\"https:\/\/agora.xtec.cat\/ceip-catalunya-sabadell\/wp-content\/uploads\/usu823\/2019\/05\/resized_DSCN1714.jpg\" alt=\"\" width=\"230\" height=\"173\" srcset=\"https:\/\/agora.xtec.cat\/ceip-catalunya-sabadell\/wp-content\/uploads\/usu823\/2019\/05\/resized_DSCN1714.jpg 230w, https:\/\/agora.xtec.cat\/ceip-catalunya-sabadell\/wp-content\/uploads\/usu823\/2019\/05\/resized_DSCN1714-200x150.jpg 200w\" sizes=\"auto, (max-width: 230px) 100vw, 230px\" \/><\/a> <a href=\"https:\/\/agora.xtec.cat\/ceip-catalunya-sabadell\/wp-content\/uploads\/usu823\/2019\/05\/resized_DSCN1715.jpg\"><img loading=\"lazy\" decoding=\"async\" class=\"alignnone size-large wp-image-2912\" src=\"https:\/\/agora.xtec.cat\/ceip-catalunya-sabadell\/wp-content\/uploads\/usu823\/2019\/05\/resized_DSCN1715.jpg\" alt=\"\" width=\"230\" height=\"173\" srcset=\"https:\/\/agora.xtec.cat\/ceip-catalunya-sabadell\/wp-content\/uploads\/usu823\/2019\/05\/resized_DSCN1715.jpg 230w, https:\/\/agora.xtec.cat\/ceip-catalunya-sabadell\/wp-content\/uploads\/usu823\/2019\/05\/resized_DSCN1715-200x150.jpg 200w\" sizes=\"auto, (max-width: 230px) 100vw, 230px\" \/><\/a> <a href=\"https:\/\/agora.xtec.cat\/ceip-catalunya-sabadell\/wp-content\/uploads\/usu823\/2019\/05\/resized_DSCN1716.jpg\"><img loading=\"lazy\" decoding=\"async\" class=\"alignnone size-large wp-image-2913\" src=\"https:\/\/agora.xtec.cat\/ceip-catalunya-sabadell\/wp-content\/uploads\/usu823\/2019\/05\/resized_DSCN1716.jpg\" alt=\"\" width=\"230\" height=\"173\" srcset=\"https:\/\/agora.xtec.cat\/ceip-catalunya-sabadell\/wp-content\/uploads\/usu823\/2019\/05\/resized_DSCN1716.jpg 230w, https:\/\/agora.xtec.cat\/ceip-catalunya-sabadell\/wp-content\/uploads\/usu823\/2019\/05\/resized_DSCN1716-200x150.jpg 200w\" sizes=\"auto, (max-width: 230px) 100vw, 230px\" \/><\/a> <a href=\"https:\/\/agora.xtec.cat\/ceip-catalunya-sabadell\/wp-content\/uploads\/usu823\/2019\/05\/resized_DSCN1717.jpg\"><img loading=\"lazy\" decoding=\"async\" class=\"alignnone size-large wp-image-2914\" src=\"https:\/\/agora.xtec.cat\/ceip-catalunya-sabadell\/wp-content\/uploads\/usu823\/2019\/05\/resized_DSCN1717.jpg\" alt=\"\" width=\"230\" height=\"173\" srcset=\"https:\/\/agora.xtec.cat\/ceip-catalunya-sabadell\/wp-content\/uploads\/usu823\/2019\/05\/resized_DSCN1717.jpg 230w, https:\/\/agora.xtec.cat\/ceip-catalunya-sabadell\/wp-content\/uploads\/usu823\/2019\/05\/resized_DSCN1717-200x150.jpg 200w\" sizes=\"auto, (max-width: 230px) 100vw, 230px\" \/><\/a> <a href=\"https:\/\/agora.xtec.cat\/ceip-catalunya-sabadell\/wp-content\/uploads\/usu823\/2019\/05\/resized_DSCN1719.jpg\"><img loading=\"lazy\" decoding=\"async\" class=\"alignnone size-large wp-image-2915\" src=\"https:\/\/agora.xtec.cat\/ceip-catalunya-sabadell\/wp-content\/uploads\/usu823\/2019\/05\/resized_DSCN1719.jpg\" alt=\"\" width=\"230\" height=\"173\" srcset=\"https:\/\/agora.xtec.cat\/ceip-catalunya-sabadell\/wp-content\/uploads\/usu823\/2019\/05\/resized_DSCN1719.jpg 230w, https:\/\/agora.xtec.cat\/ceip-catalunya-sabadell\/wp-content\/uploads\/usu823\/2019\/05\/resized_DSCN1719-200x150.jpg 200w\" sizes=\"auto, (max-width: 230px) 100vw, 230px\" \/><\/a> <a href=\"https:\/\/agora.xtec.cat\/ceip-catalunya-sabadell\/wp-content\/uploads\/usu823\/2019\/05\/resized_IMG_20190516_120546.jpg\"><img loading=\"lazy\" decoding=\"async\" class=\"alignnone size-large wp-image-2916\" src=\"https:\/\/agora.xtec.cat\/ceip-catalunya-sabadell\/wp-content\/uploads\/usu823\/2019\/05\/resized_IMG_20190516_120546.jpg\" alt=\"\" width=\"172\" height=\"230\" \/><\/a> <a href=\"https:\/\/agora.xtec.cat\/ceip-catalunya-sabadell\/wp-content\/uploads\/usu823\/2019\/05\/resized_IMG_20190516_123044.jpg\"><img loading=\"lazy\" decoding=\"async\" class=\"alignnone size-large wp-image-2917\" src=\"https:\/\/agora.xtec.cat\/ceip-catalunya-sabadell\/wp-content\/uploads\/usu823\/2019\/05\/resized_IMG_20190516_123044.jpg\" alt=\"\" width=\"172\" height=\"230\" \/><\/a> <a href=\"https:\/\/agora.xtec.cat\/ceip-catalunya-sabadell\/wp-content\/uploads\/usu823\/2019\/05\/resized_IMG_20190516_124651.jpg\"><img loading=\"lazy\" decoding=\"async\" class=\"alignnone size-large wp-image-2918\" src=\"https:\/\/agora.xtec.cat\/ceip-catalunya-sabadell\/wp-content\/uploads\/usu823\/2019\/05\/resized_IMG_20190516_124651.jpg\" alt=\"\" width=\"172\" height=\"230\" \/><\/a> <a href=\"https:\/\/agora.xtec.cat\/ceip-catalunya-sabadell\/wp-content\/uploads\/usu823\/2019\/05\/resized_IMG_20190516_125801.jpg\"><img loading=\"lazy\" decoding=\"async\" class=\"alignnone size-large wp-image-2919\" src=\"https:\/\/agora.xtec.cat\/ceip-catalunya-sabadell\/wp-content\/uploads\/usu823\/2019\/05\/resized_IMG_20190516_125801.jpg\" alt=\"\" width=\"230\" height=\"172\" srcset=\"https:\/\/agora.xtec.cat\/ceip-catalunya-sabadell\/wp-content\/uploads\/usu823\/2019\/05\/resized_IMG_20190516_125801.jpg 230w, https:\/\/agora.xtec.cat\/ceip-catalunya-sabadell\/wp-content\/uploads\/usu823\/2019\/05\/resized_IMG_20190516_125801-200x150.jpg 200w\" sizes=\"auto, (max-width: 230px) 100vw, 230px\" \/><\/a> <a href=\"https:\/\/agora.xtec.cat\/ceip-catalunya-sabadell\/wp-content\/uploads\/usu823\/2019\/05\/resized_IMG_20190516_140344.jpg\"><img loading=\"lazy\" decoding=\"async\" class=\"alignnone size-large wp-image-2920\" src=\"https:\/\/agora.xtec.cat\/ceip-catalunya-sabadell\/wp-content\/uploads\/usu823\/2019\/05\/resized_IMG_20190516_140344.jpg\" alt=\"\" width=\"230\" height=\"172\" srcset=\"https:\/\/agora.xtec.cat\/ceip-catalunya-sabadell\/wp-content\/uploads\/usu823\/2019\/05\/resized_IMG_20190516_140344.jpg 230w, https:\/\/agora.xtec.cat\/ceip-catalunya-sabadell\/wp-content\/uploads\/usu823\/2019\/05\/resized_IMG_20190516_140344-200x150.jpg 200w\" sizes=\"auto, (max-width: 230px) 100vw, 230px\" \/><\/a><\/p>\n","protected":false},"excerpt":{"rendered":"<p>Benvolgudes fam\u00edlies,<br \/>\nEl passat 16 de maig vam anar d\u2019excursi\u00f3 al Cim de les \u00c0ligues on hem pogut gaudir d\u2019una gran varietat d\u2019ocells rapinyaires. Els hem vist de ben a prop i hem estat molt afortunats i afortunades veient-los en ple vol! A m\u00e9s de con\u00e8ixer&hellip;  <a href=\"https:\/\/agora.xtec.cat\/ceip-catalunya-sabadell\/general\/visita-al-cim-daligues\/\" title=\"Read Visita al Cim d&#8217;\u00c0ligues\">Llegeix m\u00e9s\u00bb<\/a><\/p>\n","protected":false},"author":32,"featured_media":1805,"comment_status":"open","ping_status":"closed","sticky":false,"template":"","format":"standard","meta":{"_bbp_topic_count":0,"_bbp_reply_count":0,"_bbp_total_topic_count":0,"_bbp_total_reply_count":0,"_bbp_voice_count":0,"_bbp_anonymous_reply_count":0,"_bbp_topic_count_hidden":0,"_bbp_reply_count_hidden":0,"_bbp_forum_subforum_count":0,"footnotes":""},"categories":[1],"tags":[],"class_list":["post-2907","post","type-post","status-publish","format-standard","has-post-thumbnail","hentry","category-general"],"post_mailing_queue_ids":[],"_links":{"self":[{"href":"https:\/\/agora.xtec.cat\/ceip-catalunya-sabadell\/wp-json\/wp\/v2\/posts\/2907","targetHints":{"allow":["GET"]}}],"collection":[{"href":"https:\/\/agora.xtec.cat\/ceip-catalunya-sabadell\/wp-json\/wp\/v2\/posts"}],"about":[{"href":"https:\/\/agora.xtec.cat\/ceip-catalunya-sabadell\/wp-json\/wp\/v2\/types\/post"}],"author":[{"embeddable":true,"href":"https:\/\/agora.xtec.cat\/ceip-catalunya-sabadell\/wp-json\/wp\/v2\/users\/32"}],"replies":[{"embeddable":true,"href":"https:\/\/agora.xtec.cat\/ceip-catalunya-sabadell\/wp-json\/wp\/v2\/comments?post=2907"}],"version-history":[{"count":1,"href":"https:\/\/agora.xtec.cat\/ceip-catalunya-sabadell\/wp-json\/wp\/v2\/posts\/2907\/revisions"}],"predecessor-version":[{"id":2921,"href":"https:\/\/agora.xtec.cat\/ceip-catalunya-sabadell\/wp-json\/wp\/v2\/posts\/2907\/revisions\/2921"}],"wp:featuredmedia":[{"embeddable":true,"href":"https:\/\/agora.xtec.cat\/ceip-catalunya-sabadell\/wp-json\/wp\/v2\/media\/1805"}],"wp:attachment":[{"href":"https:\/\/agora.xtec.cat\/ceip-catalunya-sabadell\/wp-json\/wp\/v2\/media?parent=2907"}],"wp:term":[{"taxonomy":"category","embeddable":true,"href":"https:\/\/agora.xtec.cat\/ceip-catalunya-sabadell\/wp-json\/wp\/v2\/categories?post=2907"},{"taxonomy":"post_tag","embeddable":true,"href":"https:\/\/agora.xtec.cat\/ceip-catalunya-sabadell\/wp-json\/wp\/v2\/tags?post=2907"}],"curies":[{"name":"wp","href":"https:\/\/api.w.org\/{rel}","templated":true}]}}