{"id":2875,"date":"2019-04-26T20:00:58","date_gmt":"2019-04-26T18:00:58","guid":{"rendered":"http:\/\/agora.xtec.cat\/ceip-catalunya-sabadell\/?p=2875"},"modified":"2019-11-13T10:08:56","modified_gmt":"2019-11-13T09:08:56","slug":"sortida-granja-de-can-deu","status":"publish","type":"post","link":"https:\/\/agora.xtec.cat\/ceip-catalunya-sabadell\/infantil\/sortida-granja-de-can-deu\/","title":{"rendered":"SORTIDA GRANJA DE CAN DEU"},"content":{"rendered":"<p>Bon dia families!<\/p>\n<p>Aquesta setmana hem anat de sortida a la Granja de Can Deu. Hem conegut de prop animals de granja com els \u00e0necs, els conills, els cavalls, els rucs, les gallines i els galls, la vaca, les ovelles, els porquets i la cabra!<\/p>\n<p>Hem fet de granjers per una estona, els hi hem donat de menjar i els hem pogut tocar. Ha estat molt divertit!<\/p>\n<p>Aqui teniu un petit recull de fotos de la sortida i tamb\u00e9 l&#8217;enlla\u00e7 a la can\u00e7\u00f3 que hem treballat abans d&#8217;anar a la granja. Cliqueu damunt la imatge i s&#8217;obrir\u00e0 l&#8217;\u00e0lbum de fotos.<\/p>\n<p><a href=\"https:\/\/photos.app.goo.gl\/zdATrijbaNAakoKb8\"><img loading=\"lazy\" decoding=\"async\" class=\"wp-image-2877 aligncenter\" src=\"https:\/\/agora.xtec.cat\/ceip-catalunya-sabadell\/wp-content\/uploads\/usu823\/2019\/04\/caricatura-granjero-su-granja-grupo-animales-granja_43633-5331.jpg\" alt=\"\" width=\"310\" height=\"253\" srcset=\"https:\/\/agora.xtec.cat\/ceip-catalunya-sabadell\/wp-content\/uploads\/usu823\/2019\/04\/caricatura-granjero-su-granja-grupo-animales-granja_43633-5331.jpg 626w, https:\/\/agora.xtec.cat\/ceip-catalunya-sabadell\/wp-content\/uploads\/usu823\/2019\/04\/caricatura-granjero-su-granja-grupo-animales-granja_43633-5331-300x244.jpg 300w\" sizes=\"auto, (max-width: 310px) 100vw, 310px\" \/><\/a><\/p>\n<p>&nbsp;<\/p>\n<p>Cliqueu damunt el video per veure la can\u00e7\u00f3.<\/p>\n<p><a href=\"https:\/\/www.youtube.com\/watch?v=UAkoY2-2jpY\"><img loading=\"lazy\" decoding=\"async\" class=\"wp-image-2880 aligncenter\" src=\"https:\/\/agora.xtec.cat\/ceip-catalunya-sabadell\/wp-content\/uploads\/usu823\/2019\/04\/maxresdefault-1024x576.jpg\" alt=\"\" width=\"381\" height=\"214\" srcset=\"https:\/\/agora.xtec.cat\/ceip-catalunya-sabadell\/wp-content\/uploads\/usu823\/2019\/04\/maxresdefault-1024x576.jpg 1024w, https:\/\/agora.xtec.cat\/ceip-catalunya-sabadell\/wp-content\/uploads\/usu823\/2019\/04\/maxresdefault-300x169.jpg 300w, https:\/\/agora.xtec.cat\/ceip-catalunya-sabadell\/wp-content\/uploads\/usu823\/2019\/04\/maxresdefault-768x432.jpg 768w, https:\/\/agora.xtec.cat\/ceip-catalunya-sabadell\/wp-content\/uploads\/usu823\/2019\/04\/maxresdefault.jpg 1280w\" sizes=\"auto, (max-width: 381px) 100vw, 381px\" \/><\/a><\/p>\n<p>&nbsp;<\/p>\n<p>Fins la propera!<\/p>\n","protected":false},"excerpt":{"rendered":"<p>Bon dia families!<br \/>\nAquesta setmana hem anat de sortida a la Granja de Can Deu. Hem conegut de prop animals de granja com els \u00e0necs, els conills, els cavalls, els rucs, les gallines i els galls, la vaca, les ovelles, els porquets i la cabra!<br \/>\nHem fet&hellip;  <a href=\"https:\/\/agora.xtec.cat\/ceip-catalunya-sabadell\/infantil\/sortida-granja-de-can-deu\/\" title=\"Read SORTIDA GRANJA DE CAN DEU\">Llegeix m\u00e9s\u00bb<\/a><\/p>\n","protected":false},"author":40,"featured_media":1805,"comment_status":"open","ping_status":"closed","sticky":false,"template":"","format":"standard","meta":{"_bbp_topic_count":0,"_bbp_reply_count":0,"_bbp_total_topic_count":0,"_bbp_total_reply_count":0,"_bbp_voice_count":0,"_bbp_anonymous_reply_count":0,"_bbp_topic_count_hidden":0,"_bbp_reply_count_hidden":0,"_bbp_forum_subforum_count":0,"footnotes":""},"categories":[119,2],"tags":[],"class_list":["post-2875","post","type-post","status-publish","format-standard","has-post-thumbnail","hentry","category-promocio-18-27","category-infantil"],"post_mailing_queue_ids":[],"_links":{"self":[{"href":"https:\/\/agora.xtec.cat\/ceip-catalunya-sabadell\/wp-json\/wp\/v2\/posts\/2875","targetHints":{"allow":["GET"]}}],"collection":[{"href":"https:\/\/agora.xtec.cat\/ceip-catalunya-sabadell\/wp-json\/wp\/v2\/posts"}],"about":[{"href":"https:\/\/agora.xtec.cat\/ceip-catalunya-sabadell\/wp-json\/wp\/v2\/types\/post"}],"author":[{"embeddable":true,"href":"https:\/\/agora.xtec.cat\/ceip-catalunya-sabadell\/wp-json\/wp\/v2\/users\/40"}],"replies":[{"embeddable":true,"href":"https:\/\/agora.xtec.cat\/ceip-catalunya-sabadell\/wp-json\/wp\/v2\/comments?post=2875"}],"version-history":[{"count":3,"href":"https:\/\/agora.xtec.cat\/ceip-catalunya-sabadell\/wp-json\/wp\/v2\/posts\/2875\/revisions"}],"predecessor-version":[{"id":2882,"href":"https:\/\/agora.xtec.cat\/ceip-catalunya-sabadell\/wp-json\/wp\/v2\/posts\/2875\/revisions\/2882"}],"wp:featuredmedia":[{"embeddable":true,"href":"https:\/\/agora.xtec.cat\/ceip-catalunya-sabadell\/wp-json\/wp\/v2\/media\/1805"}],"wp:attachment":[{"href":"https:\/\/agora.xtec.cat\/ceip-catalunya-sabadell\/wp-json\/wp\/v2\/media?parent=2875"}],"wp:term":[{"taxonomy":"category","embeddable":true,"href":"https:\/\/agora.xtec.cat\/ceip-catalunya-sabadell\/wp-json\/wp\/v2\/categories?post=2875"},{"taxonomy":"post_tag","embeddable":true,"href":"https:\/\/agora.xtec.cat\/ceip-catalunya-sabadell\/wp-json\/wp\/v2\/tags?post=2875"}],"curies":[{"name":"wp","href":"https:\/\/api.w.org\/{rel}","templated":true}]}}