{"id":2872,"date":"2019-04-24T12:41:02","date_gmt":"2019-04-24T10:41:02","guid":{"rendered":"http:\/\/agora.xtec.cat\/ceip-catalunya-sabadell\/?p=2872"},"modified":"2019-04-24T12:41:02","modified_gmt":"2019-04-24T10:41:02","slug":"jocs-florals-2019","status":"publish","type":"post","link":"https:\/\/agora.xtec.cat\/ceip-catalunya-sabadell\/portada\/jocs-florals-2019\/","title":{"rendered":"JOCS FLORALS 2019"},"content":{"rendered":"<p>Amb motiu de la diada de Sant Jordi,\u00a0 ha tingut lloc a l\u2019escola un any m\u00e9s l\u2019acte d\u2019entrega dels premis \u00a0del tradicional certament literari dels Jocs Florals.\u00a0 Han participat tots els alumnes de l\u2019escola des de 2n fins a 6\u00e8 amb diferents tipologies textuals en funci\u00f3 del curs. Com cada any, ha estat un \u00e8xit tant per la qualitat dels treballs com\u00a0 per l\u2019entusiasme que provoca en la majoria de participants. Els treballs es presenten amb un pseud\u00f2nim per garantir l\u2019anonimat i un primer jurat format per mestres de l\u2019escola fa una primera tria de vuit finalistes per classe; despr\u00e9s i amb un jurat mixta format per pares i mestres, es fa una selecci\u00f3 de tres guanyadors en funci\u00f3 de diferents aspectes com s\u00f3n l\u2019originalitat, la presentaci\u00f3 i la qualitat liter\u00e0ria. Cal esmentar que hi ha hagut, en general, molt bona feina per part de tots els alumnes. \u00a0Els alumnes de primer han participat, f\u00f3ra de concurs, amb uns treballs molt interessants de cal\u00b7ligrames i poemes visuals per commemorar l\u2019aniversari de J. Brossa. Per a \u00a0ells \u00a0hi ha hagut un premi consistent en un lot de llibres per\u00a0 a tot el grup.<\/p>\n<p>Els premis que s\u2019atorguen s\u00f3n per grup classe i s\u00f3n els seg\u00fcents:<\/p>\n<p>&#8211; Un diploma de finalista per cadascun dels cinc finalistes.<\/p>\n<p>&#8211; Un tercer premi \u00a0dotat amb un diploma<\/p>\n<p>&#8211; Un segon premi\u00a0 dotat amb un diploma i una rosa.<\/p>\n<p>&#8211; Un primer premi \u00a0dotat amb un diploma, una rosa i un llibre.<\/p>\n<p>-Uns llibres\u00a0 per tota la classe per agrair la participaci\u00f3 i l\u2019esfor\u00e7.<\/p>\n<p>L\u2019acte ha estat presidit per la directora de l\u2019escola Sra. Cristina Llistar qui tamb\u00e9 ha fet entrega dels premis. Ha estat un mat\u00ed molt emotiu i ple de fotos pel record amb\u00a0 tots els concursants i els seus mestres.<\/p>\n<p>Uns les deixem perqu\u00e8 les pugueu gaudir:\u00a0<a href=\"https:\/\/photos.app.goo.gl\/sFfpP6cQuHb3Jdrc6\">https:\/\/photos.app.goo.gl\/sFfpP6cQuHb3Jdrc6<\/a><\/p>\n","protected":false},"excerpt":{"rendered":"<p>Amb motiu de la diada de Sant Jordi,\u00a0 ha tingut lloc a l\u2019escola un any m\u00e9s l\u2019acte d\u2019entrega dels premis \u00a0del tradicional certament literari dels Jocs Florals.\u00a0 Han participat tots els alumnes de l\u2019escola des de 2n fins a 6\u00e8 amb diferents tipologies textuals en&hellip;  <a href=\"https:\/\/agora.xtec.cat\/ceip-catalunya-sabadell\/portada\/jocs-florals-2019\/\" title=\"Read JOCS FLORALS 2019\">Llegeix m\u00e9s\u00bb<\/a><\/p>\n","protected":false},"author":22,"featured_media":0,"comment_status":"open","ping_status":"closed","sticky":false,"template":"","format":"standard","meta":{"_bbp_topic_count":0,"_bbp_reply_count":0,"_bbp_total_topic_count":0,"_bbp_total_reply_count":0,"_bbp_voice_count":0,"_bbp_anonymous_reply_count":0,"_bbp_topic_count_hidden":0,"_bbp_reply_count_hidden":0,"_bbp_forum_subforum_count":0,"footnotes":""},"categories":[36,4],"tags":[],"class_list":["post-2872","post","type-post","status-publish","format-standard","hentry","category-festes","category-portada"],"post_mailing_queue_ids":[],"_links":{"self":[{"href":"https:\/\/agora.xtec.cat\/ceip-catalunya-sabadell\/wp-json\/wp\/v2\/posts\/2872","targetHints":{"allow":["GET"]}}],"collection":[{"href":"https:\/\/agora.xtec.cat\/ceip-catalunya-sabadell\/wp-json\/wp\/v2\/posts"}],"about":[{"href":"https:\/\/agora.xtec.cat\/ceip-catalunya-sabadell\/wp-json\/wp\/v2\/types\/post"}],"author":[{"embeddable":true,"href":"https:\/\/agora.xtec.cat\/ceip-catalunya-sabadell\/wp-json\/wp\/v2\/users\/22"}],"replies":[{"embeddable":true,"href":"https:\/\/agora.xtec.cat\/ceip-catalunya-sabadell\/wp-json\/wp\/v2\/comments?post=2872"}],"version-history":[{"count":2,"href":"https:\/\/agora.xtec.cat\/ceip-catalunya-sabadell\/wp-json\/wp\/v2\/posts\/2872\/revisions"}],"predecessor-version":[{"id":2874,"href":"https:\/\/agora.xtec.cat\/ceip-catalunya-sabadell\/wp-json\/wp\/v2\/posts\/2872\/revisions\/2874"}],"wp:attachment":[{"href":"https:\/\/agora.xtec.cat\/ceip-catalunya-sabadell\/wp-json\/wp\/v2\/media?parent=2872"}],"wp:term":[{"taxonomy":"category","embeddable":true,"href":"https:\/\/agora.xtec.cat\/ceip-catalunya-sabadell\/wp-json\/wp\/v2\/categories?post=2872"},{"taxonomy":"post_tag","embeddable":true,"href":"https:\/\/agora.xtec.cat\/ceip-catalunya-sabadell\/wp-json\/wp\/v2\/tags?post=2872"}],"curies":[{"name":"wp","href":"https:\/\/api.w.org\/{rel}","templated":true}]}}