{"id":2859,"date":"2019-04-12T13:23:32","date_gmt":"2019-04-12T11:23:32","guid":{"rendered":"http:\/\/agora.xtec.cat\/ceip-catalunya-sabadell\/?p=2859"},"modified":"2019-04-12T13:23:33","modified_gmt":"2019-04-12T11:23:33","slug":"9a-cursa-montse-pascual","status":"publish","type":"post","link":"https:\/\/agora.xtec.cat\/ceip-catalunya-sabadell\/portada\/9a-cursa-montse-pascual\/","title":{"rendered":"9a CURSA MONTSE PASCUAL"},"content":{"rendered":"<p>Benvolgudes fam\u00edlies un any m\u00e9s hem fet la nostra cursa Montse Pascual. Enguany ha estat la 9a edici\u00f3. Aquest any hem decidit canviar la data i ha estat una bona activitat festiva i esportiva per finalitzar el segon trimestre. Aqu\u00ed us deixem els v\u00eddeos dels joves atletes, feliciteu-los molt a casa ja que han participat tots i totes amb moltes ganes i energia.<\/p>\n<p>Enguany hem tingut el privilegi de tenir amb nosaltres el Toni Valverde, organitzador de la cursa Sabadell Corre pels Nens. Aquest ha estat un bon entrenament per participar al dia 5 de maig en aquesta cursa popular i familiar.<\/p>\n<p>&nbsp;<\/p>\n<p><strong>Cursa d&#8217;Educaci\u00f3 Infantil:\u00a0<\/strong><\/p>\n<p>&nbsp;<\/p>\n<p><iframe loading=\"lazy\" title=\"CURSA EDUCACI\u00d3 INFANTIL\" width=\"500\" height=\"375\" src=\"https:\/\/www.youtube.com\/embed\/-R__Ev7L2Ww?feature=oembed\" frameborder=\"0\" allow=\"accelerometer; autoplay; clipboard-write; encrypted-media; gyroscope; picture-in-picture; web-share\" referrerpolicy=\"strict-origin-when-cross-origin\" allowfullscreen><\/iframe><\/p>\n<p>&nbsp;<\/p>\n<p><strong>Cursa de Cicle Inicial:<\/strong><\/p>\n<p>&nbsp;<\/p>\n<p><iframe loading=\"lazy\" title=\"CURSA CICLE INICIAL\" width=\"500\" height=\"375\" src=\"https:\/\/www.youtube.com\/embed\/V3JczidK-ZM?feature=oembed\" frameborder=\"0\" allow=\"accelerometer; autoplay; clipboard-write; encrypted-media; gyroscope; picture-in-picture; web-share\" referrerpolicy=\"strict-origin-when-cross-origin\" allowfullscreen><\/iframe><\/p>\n<p>&nbsp;<\/p>\n<p><strong>Cursa de Cicle Mitj\u00e0:<\/strong><\/p>\n<p>&nbsp;<\/p>\n<p><iframe loading=\"lazy\" title=\"CICLE MITJ\u00c0 CURSA\" width=\"500\" height=\"375\" src=\"https:\/\/www.youtube.com\/embed\/UY3hDpUdUpo?feature=oembed\" frameborder=\"0\" allow=\"accelerometer; autoplay; clipboard-write; encrypted-media; gyroscope; picture-in-picture; web-share\" referrerpolicy=\"strict-origin-when-cross-origin\" allowfullscreen><\/iframe><\/p>\n<p>&nbsp;<\/p>\n<p><strong>Cursa de Cicle Superior:<\/strong><\/p>\n<p>&nbsp;<\/p>\n<p><iframe loading=\"lazy\" title=\"CICLE SUPERIOR CURSA\" width=\"500\" height=\"375\" src=\"https:\/\/www.youtube.com\/embed\/rrmGOfGUDiM?feature=oembed\" frameborder=\"0\" allow=\"accelerometer; autoplay; clipboard-write; encrypted-media; gyroscope; picture-in-picture; web-share\" referrerpolicy=\"strict-origin-when-cross-origin\" allowfullscreen><\/iframe><\/p>\n<p>&nbsp;<\/p>\n<p><strong>Comiat i missatge de Toni Valverde:<\/strong><\/p>\n<p>&nbsp;<\/p>\n<p><iframe loading=\"lazy\" title=\"Comiat cursa\" width=\"500\" height=\"375\" src=\"https:\/\/www.youtube.com\/embed\/Vc6RziOBUtk?feature=oembed\" frameborder=\"0\" allow=\"accelerometer; autoplay; clipboard-write; encrypted-media; gyroscope; picture-in-picture; web-share\" referrerpolicy=\"strict-origin-when-cross-origin\" allowfullscreen><\/iframe><\/p>\n<p>&nbsp;<\/p>\n<p>&nbsp;<\/p>\n<p>&nbsp;<\/p>\n<p>&nbsp;<\/p>\n","protected":false},"excerpt":{"rendered":"<p>Benvolgudes fam\u00edlies un any m\u00e9s hem fet la nostra cursa Montse Pascual. Enguany ha estat la 9a edici\u00f3. Aquest any hem decidit canviar la data i ha estat una bona activitat festiva i esportiva per finalitzar el segon trimestre. Aqu\u00ed us deixem els v\u00eddeos dels&hellip;  <a href=\"https:\/\/agora.xtec.cat\/ceip-catalunya-sabadell\/portada\/9a-cursa-montse-pascual\/\" title=\"Read 9a CURSA MONTSE PASCUAL\">Llegeix m\u00e9s\u00bb<\/a><\/p>\n","protected":false},"author":52,"featured_media":2868,"comment_status":"open","ping_status":"closed","sticky":false,"template":"","format":"standard","meta":{"_bbp_topic_count":0,"_bbp_reply_count":0,"_bbp_total_topic_count":0,"_bbp_total_reply_count":0,"_bbp_voice_count":0,"_bbp_anonymous_reply_count":0,"_bbp_topic_count_hidden":0,"_bbp_reply_count_hidden":0,"_bbp_forum_subforum_count":0,"footnotes":""},"categories":[36,4],"tags":[],"class_list":["post-2859","post","type-post","status-publish","format-standard","has-post-thumbnail","hentry","category-festes","category-portada"],"post_mailing_queue_ids":[],"_links":{"self":[{"href":"https:\/\/agora.xtec.cat\/ceip-catalunya-sabadell\/wp-json\/wp\/v2\/posts\/2859","targetHints":{"allow":["GET"]}}],"collection":[{"href":"https:\/\/agora.xtec.cat\/ceip-catalunya-sabadell\/wp-json\/wp\/v2\/posts"}],"about":[{"href":"https:\/\/agora.xtec.cat\/ceip-catalunya-sabadell\/wp-json\/wp\/v2\/types\/post"}],"author":[{"embeddable":true,"href":"https:\/\/agora.xtec.cat\/ceip-catalunya-sabadell\/wp-json\/wp\/v2\/users\/52"}],"replies":[{"embeddable":true,"href":"https:\/\/agora.xtec.cat\/ceip-catalunya-sabadell\/wp-json\/wp\/v2\/comments?post=2859"}],"version-history":[{"count":2,"href":"https:\/\/agora.xtec.cat\/ceip-catalunya-sabadell\/wp-json\/wp\/v2\/posts\/2859\/revisions"}],"predecessor-version":[{"id":2867,"href":"https:\/\/agora.xtec.cat\/ceip-catalunya-sabadell\/wp-json\/wp\/v2\/posts\/2859\/revisions\/2867"}],"wp:featuredmedia":[{"embeddable":true,"href":"https:\/\/agora.xtec.cat\/ceip-catalunya-sabadell\/wp-json\/wp\/v2\/media\/2868"}],"wp:attachment":[{"href":"https:\/\/agora.xtec.cat\/ceip-catalunya-sabadell\/wp-json\/wp\/v2\/media?parent=2859"}],"wp:term":[{"taxonomy":"category","embeddable":true,"href":"https:\/\/agora.xtec.cat\/ceip-catalunya-sabadell\/wp-json\/wp\/v2\/categories?post=2859"},{"taxonomy":"post_tag","embeddable":true,"href":"https:\/\/agora.xtec.cat\/ceip-catalunya-sabadell\/wp-json\/wp\/v2\/tags?post=2859"}],"curies":[{"name":"wp","href":"https:\/\/api.w.org\/{rel}","templated":true}]}}