{"id":2845,"date":"2019-04-11T21:21:06","date_gmt":"2019-04-11T19:21:06","guid":{"rendered":"http:\/\/agora.xtec.cat\/ceip-catalunya-sabadell\/?p=2845"},"modified":"2019-04-11T21:21:06","modified_gmt":"2019-04-11T19:21:06","slug":"sona-bach","status":"publish","type":"post","link":"https:\/\/agora.xtec.cat\/ceip-catalunya-sabadell\/musica\/sona-bach\/","title":{"rendered":"Sona Bach!"},"content":{"rendered":"<p>El passat dimecres 3 d&#8217;abril, els alumnes de Cicle Inicial vam anar a l&#8217;Auditori de Barcelona a veure &#8220;Sona Bach&#8221;.<\/p>\n<p>Aquests dies a m\u00fasica hem estat escoltant diferents composicions de Bach i aprenent la import\u00e0ncia d&#8217;aquest autor en la m\u00fasica actual.<\/p>\n<p>Tamb\u00e9 hem pogut crear les nostres petites composicions amb partitures virtuals, ha estat molt divertit fer de compositors!<\/p>\n<p>Des de casa podeu seguir practicant les vostres creacions a partir del seg\u00fcent enlla\u00e7:<\/p>\n<p><a href=\"https:\/\/www.google.com\/doodles\/celebrating-johann-sebastian-bach\">https:\/\/www.google.com\/doodles\/celebrating-johann-sebastian-bach<\/a><\/p>\n<p>&nbsp;<\/p>\n","protected":false},"excerpt":{"rendered":"<p>El passat dimecres 3 d&#8217;abril, els alumnes de Cicle Inicial vam anar a l&#8217;Auditori de Barcelona a veure &#8220;Sona Bach&#8221;.<br \/>\nAquests dies a m\u00fasica hem estat escoltant diferents composicions de Bach i aprenent la import\u00e0ncia d&#8217;aquest autor en la m\u00fasica actual.<br \/>\nTamb\u00e9 hem pogut crear les nostres&hellip;  <a href=\"https:\/\/agora.xtec.cat\/ceip-catalunya-sabadell\/musica\/sona-bach\/\" title=\"Read Sona Bach!\">Llegeix m\u00e9s\u00bb<\/a><\/p>\n","protected":false},"author":27,"featured_media":0,"comment_status":"open","ping_status":"closed","sticky":false,"template":"","format":"standard","meta":{"_bbp_topic_count":0,"_bbp_reply_count":0,"_bbp_total_topic_count":0,"_bbp_total_reply_count":0,"_bbp_voice_count":0,"_bbp_anonymous_reply_count":0,"_bbp_topic_count_hidden":0,"_bbp_reply_count_hidden":0,"_bbp_forum_subforum_count":0,"footnotes":""},"categories":[44],"tags":[],"class_list":["post-2845","post","type-post","status-publish","format-standard","hentry","category-musica"],"post_mailing_queue_ids":[],"_links":{"self":[{"href":"https:\/\/agora.xtec.cat\/ceip-catalunya-sabadell\/wp-json\/wp\/v2\/posts\/2845","targetHints":{"allow":["GET"]}}],"collection":[{"href":"https:\/\/agora.xtec.cat\/ceip-catalunya-sabadell\/wp-json\/wp\/v2\/posts"}],"about":[{"href":"https:\/\/agora.xtec.cat\/ceip-catalunya-sabadell\/wp-json\/wp\/v2\/types\/post"}],"author":[{"embeddable":true,"href":"https:\/\/agora.xtec.cat\/ceip-catalunya-sabadell\/wp-json\/wp\/v2\/users\/27"}],"replies":[{"embeddable":true,"href":"https:\/\/agora.xtec.cat\/ceip-catalunya-sabadell\/wp-json\/wp\/v2\/comments?post=2845"}],"version-history":[{"count":2,"href":"https:\/\/agora.xtec.cat\/ceip-catalunya-sabadell\/wp-json\/wp\/v2\/posts\/2845\/revisions"}],"predecessor-version":[{"id":2857,"href":"https:\/\/agora.xtec.cat\/ceip-catalunya-sabadell\/wp-json\/wp\/v2\/posts\/2845\/revisions\/2857"}],"wp:attachment":[{"href":"https:\/\/agora.xtec.cat\/ceip-catalunya-sabadell\/wp-json\/wp\/v2\/media?parent=2845"}],"wp:term":[{"taxonomy":"category","embeddable":true,"href":"https:\/\/agora.xtec.cat\/ceip-catalunya-sabadell\/wp-json\/wp\/v2\/categories?post=2845"},{"taxonomy":"post_tag","embeddable":true,"href":"https:\/\/agora.xtec.cat\/ceip-catalunya-sabadell\/wp-json\/wp\/v2\/tags?post=2845"}],"curies":[{"name":"wp","href":"https:\/\/api.w.org\/{rel}","templated":true}]}}