{"id":2842,"date":"2019-04-02T11:44:11","date_gmt":"2019-04-02T09:44:11","guid":{"rendered":"http:\/\/agora.xtec.cat\/ceip-catalunya-sabadell\/?p=2842"},"modified":"2019-04-02T11:45:10","modified_gmt":"2019-04-02T09:45:10","slug":"iv-cursa-sabadell-corre-pels-nens","status":"publish","type":"post","link":"https:\/\/agora.xtec.cat\/ceip-catalunya-sabadell\/portada\/iv-cursa-sabadell-corre-pels-nens\/","title":{"rendered":"IV CURSA SABADELL CORRE PELS NENS"},"content":{"rendered":"<p>&nbsp;<\/p>\n<p>&nbsp;<\/p>\n<p><img loading=\"lazy\" decoding=\"async\" class=\"alignleft\" src=\"https:\/\/rockthesportv2.blob.core.windows.net\/evento\/5a273ec3-72ed-4048-8697-61bde7ec1f58.jpg\" width=\"442\" height=\"623\" \/><\/p>\n<p>Hola fam\u00edlies,<\/p>\n<p>un any m\u00e9s, torna la cursa solid\u00e0ria de SABADELL CORRE PELS NENS.<\/p>\n<p>Com en les darreres edicions, us animem des de l&#8217;escola a participar en acte acte tan bonic, on podem passar tots plegats una jornada esportiva en fam\u00edlia, amb amics i plena de bons moments. El curs passat vam fer una bona pinya, esperem continuar aix\u00ed i superar el nombre d&#8217;inscrits de l&#8217;any passat!<\/p>\n<p>Aqu\u00ed teniu tota la informaci\u00f3 i l&#8217;enlla\u00e7 directe per fer la inscripci\u00f3. Com sempre, podem fer inscripcions presencials a l&#8217;escola, fins el dia 26 d&#8217;abril.<\/p>\n<blockquote><p><strong>\u00a0Agra\u00efts a tota la gent solid\u00e0ria que va participar l\u2019any passat. Ens sentim molt orgullosos del qu\u00e8 es<\/strong><br \/>\n<strong>va aconseguir i l\u2019\u00e8xit assolit ens ha motivat a tornar a engegar un nou projecte de la que ser\u00e0 ja la<\/strong><br \/>\n<strong>IV cursa solid\u00e0ria \u201cSabadell corre pels nens\u201d.<\/strong><br \/>\n<strong>Toni Valverde, organitzador de la cursa solid\u00e0ria \u201cSABADELL CORRE PELS NENS\u201d i l\u2019Associaci\u00f3<\/strong><br \/>\n<strong>\u201cB\u00c1ILALE A LA VIDA\u201d, volem demanar un cop m\u00e9s la vostra col\u00b7laboraci\u00f3.<\/strong><br \/>\n<strong>Un any m\u00e9s tornarem a unir cursa i festa solid\u00e0ria i l\u2019esdeveniment ser\u00e0 el diumenge 5 de maig de<\/strong><br \/>\n<strong>2019. Els beneficis aniran destinats a la campanya \u00abDonem aire, donem vida, als pacients amb<\/strong><br \/>\n<strong>Fibrosi Qu\u00edstica\u00bb.<\/strong><br \/>\n<strong>La Fibrosis qu\u00edstica \u00e9s una malaltia considerada rara i molt greu, \u00e9s gen\u00e8tica i es infecci\u00f3 que afecta principalment els pulmons, el fetge, l\u2019intest\u00ed i el p\u00e0ncrees: el co ms panroifdeusteaix c oumn munoac emsp\u00fa\u00e8ltsi pi leesn gaafencxta\u00f3csi oqnuse pse\u2019arc ua mlau fluan ac il\u00f3e sd vigieess trivesap. i rNaot\u00f2rmrieaslm i eanl tp e\u00e0sn dcr\u00f3eneas, eonb sintrfuainntts ei ljso vberso,n aqcutuisa lim pernovt oncoa nt\u00e9t cura.<\/strong><\/p>\n<p>&nbsp;<\/p>\n<p>&nbsp;<\/p>\n<p><strong>Com les edicions passades volem que sigui una cursa per a tothom. Podr\u00e0 fer-se corrent, en cadira<\/strong><br \/>\n<strong>de rodes, en cotxet, caminant, amb amics o fam\u00edlia. Paral\u00b7lelament, fins a les 14 h, hi haur\u00e0 tallers<\/strong><br \/>\n<strong>de treballs manuals, m\u00e0gia, conta-contes, pallassos, maquillatge i racons a tot el parc del Taul\u00ed, on<\/strong><br \/>\n<strong>petits i grans podran jugar i passar-s\u2019ho molt b\u00e9.<\/strong><br \/>\n<strong>Els drets d\u2019inscripci\u00f3 s\u00f3n de 10\u20ac pels majors de 16 anys i pels menors, fins a 15 anys, 5\u20ac .<\/strong><br \/>\n<strong>Tamb\u00e9 hi ha la possibilitat d\u2019inscriure\u2019s a la fila 0 i col\u00b7laborar amb el projecte amb la quantitat<\/strong><br \/>\n<strong>que cadasc\u00fa desitgi.<\/strong><br \/>\n<strong>La inscripci\u00f3 es podr\u00e0 formalitzar a trav\u00e9s d\u2019internet a l\u2019adre\u00e7a <a href=\"https:\/\/www.rockthesport.com\/es\/evento\/iv-corre-por-nens\">www.sabadellcorrepelsnens.cat<\/a><\/strong><br \/>\n<strong>i presencialment a diferents establiments de Sabadell:<\/strong><br \/>\n<strong>INTERSPORTS MOLINS, C\/ Rambla, 111<\/strong><br \/>\n<strong>Uni\u00f3 Excursionista Sabadell, C\/Salut 14<\/strong><br \/>\n<strong>Club Malib\u00fa Esportiu, C\/Bosch i Cardellach, 47<\/strong><br \/>\n<strong>Can LLOBETERES, Ctra. Barcelona 583<\/strong><br \/>\n<strong>SPORT RONDA SABADELL, Ronda Collsalarca, 109<\/strong><br \/>\n<strong>Llibreria Yoli, C\/. Pizarro, 6<\/strong><br \/>\n<strong>El termini m\u00e0xim d\u2019inscripci\u00f3 ser\u00e0:<\/strong><br \/>\n<strong>ON LINE fins a les 23:59 del dia 1 de MAIG<\/strong><br \/>\n<strong>INSCRIPCI\u00d3 PRESENCIAL fins el DIMARTS 30 D\u2019ABRIL.<\/strong><br \/>\n<strong>Els dorsals, la samarreta i alguns obsequis es podran recollir al Parc del Taul\u00ed :<\/strong><br \/>\n<strong>el divendres 3 de maig de 12 a 20 h<\/strong><br \/>\n<strong>el dissabte 4 de maig de 11 a 20 h<\/strong><br \/>\n<strong>el diumenge 5 de maig de 8 a 9:30 h (dia de la cursa, la sortida ser\u00e0 a les 10).<\/strong><br \/>\n<strong>Hi ha familiars i professionals coneixedors de la Fibrosis Qu\u00edstica que s\u2019han ofert per fer xerrades a<\/strong><br \/>\n<strong>escoles o entitats.<\/strong><br \/>\n<strong>Si \u00e9s del vostre inter\u00e8s contacteu amb: Alba Foguet albafoguet@gmail.com<\/strong><br \/>\n<strong>Convideu a tothom i engresqueu a tots aquells que no van poder venir l\u2019any passat!!!<\/strong><br \/>\n<strong>Us esperem amb il\u00b7lusi\u00f3. Molt\u00edssimes gr\u00e0cies.<\/strong><br \/>\n<strong>Toni Valverde Sabadellcorrepelsnens@gmail.com<\/strong><br \/>\n<strong>Maite Fruit\u00f3s bailalealavida@gmail.com<\/strong><\/p><\/blockquote>\n","protected":false},"excerpt":{"rendered":"<p>&nbsp;<br \/>\n&nbsp;<\/p>\n<p>Hola fam\u00edlies,<br \/>\nun any m\u00e9s, torna la cursa solid\u00e0ria de SABADELL CORRE PELS NENS.<br \/>\nCom en les darreres edicions, us animem des de l&#8217;escola a participar en acte acte tan bonic, on podem passar tots plegats una jornada esportiva en fam\u00edlia, amb amics i plena de bons&hellip;  <a href=\"https:\/\/agora.xtec.cat\/ceip-catalunya-sabadell\/portada\/iv-cursa-sabadell-corre-pels-nens\/\" title=\"Read IV CURSA SABADELL CORRE PELS NENS\">Llegeix m\u00e9s\u00bb<\/a><\/p>\n","protected":false},"author":22,"featured_media":2843,"comment_status":"open","ping_status":"closed","sticky":false,"template":"","format":"standard","meta":{"_bbp_topic_count":0,"_bbp_reply_count":0,"_bbp_total_topic_count":0,"_bbp_total_reply_count":0,"_bbp_voice_count":0,"_bbp_anonymous_reply_count":0,"_bbp_topic_count_hidden":0,"_bbp_reply_count_hidden":0,"_bbp_forum_subforum_count":0,"footnotes":""},"categories":[4],"tags":[],"class_list":["post-2842","post","type-post","status-publish","format-standard","has-post-thumbnail","hentry","category-portada"],"post_mailing_queue_ids":[],"_links":{"self":[{"href":"https:\/\/agora.xtec.cat\/ceip-catalunya-sabadell\/wp-json\/wp\/v2\/posts\/2842","targetHints":{"allow":["GET"]}}],"collection":[{"href":"https:\/\/agora.xtec.cat\/ceip-catalunya-sabadell\/wp-json\/wp\/v2\/posts"}],"about":[{"href":"https:\/\/agora.xtec.cat\/ceip-catalunya-sabadell\/wp-json\/wp\/v2\/types\/post"}],"author":[{"embeddable":true,"href":"https:\/\/agora.xtec.cat\/ceip-catalunya-sabadell\/wp-json\/wp\/v2\/users\/22"}],"replies":[{"embeddable":true,"href":"https:\/\/agora.xtec.cat\/ceip-catalunya-sabadell\/wp-json\/wp\/v2\/comments?post=2842"}],"version-history":[{"count":1,"href":"https:\/\/agora.xtec.cat\/ceip-catalunya-sabadell\/wp-json\/wp\/v2\/posts\/2842\/revisions"}],"predecessor-version":[{"id":2844,"href":"https:\/\/agora.xtec.cat\/ceip-catalunya-sabadell\/wp-json\/wp\/v2\/posts\/2842\/revisions\/2844"}],"wp:featuredmedia":[{"embeddable":true,"href":"https:\/\/agora.xtec.cat\/ceip-catalunya-sabadell\/wp-json\/wp\/v2\/media\/2843"}],"wp:attachment":[{"href":"https:\/\/agora.xtec.cat\/ceip-catalunya-sabadell\/wp-json\/wp\/v2\/media?parent=2842"}],"wp:term":[{"taxonomy":"category","embeddable":true,"href":"https:\/\/agora.xtec.cat\/ceip-catalunya-sabadell\/wp-json\/wp\/v2\/categories?post=2842"},{"taxonomy":"post_tag","embeddable":true,"href":"https:\/\/agora.xtec.cat\/ceip-catalunya-sabadell\/wp-json\/wp\/v2\/tags?post=2842"}],"curies":[{"name":"wp","href":"https:\/\/api.w.org\/{rel}","templated":true}]}}