{"id":2837,"date":"2019-03-29T13:06:26","date_gmt":"2019-03-29T12:06:26","guid":{"rendered":"http:\/\/agora.xtec.cat\/ceip-catalunya-sabadell\/?p=2837"},"modified":"2019-03-29T13:08:15","modified_gmt":"2019-03-29T12:08:15","slug":"a-laula-de-musica-estem-de-sort","status":"publish","type":"post","link":"https:\/\/agora.xtec.cat\/ceip-catalunya-sabadell\/portada\/a-laula-de-musica-estem-de-sort\/","title":{"rendered":"A L\u2019AULA DE M\u00daSICA ESTEM DE SORT!!"},"content":{"rendered":"<p>El passat dimecres, tot just quan v\u00e0rem acabar de treballar els instruments de vent fusta amb els alumnes de 4t., vam tenir la sort de gaudir d\u2019 un taller sobre aquests instruments\u00a0 a c\u00e0rrec d\u2019en Jordi Oll\u00e9, pare de l\u2019escola i m\u00fasic professional.<\/p>\n<p>Va venir ben carregat amb un clarinet, un saxo, un tible i una flauta travessera a m\u00e9s de tot un ventall d\u2019embocadures de canya per poder mirar, tocar i aprendre i canyes naturals per poder entendre d\u2019on provenen, com es fabriquen i com es produeix el so.<\/p>\n<p>Vam fer un recorregut molt interessant al llarg d\u2019una etapa ben llarga de la hist\u00f2ria de\u00a0 la m\u00fasica, des de l\u2019edat mitjana fins l\u2019\u00e8poca actual. Ens va oferir una pinzellada de m\u00fasica medieval, barroca, cl\u00e0ssica i rom\u00e0ntica i incl\u00fas de m\u00fasica de cinema, interpretant una pe\u00e7a de la B.S.O. de Toy Story amb un duet de clarinet i saxo juntament amb en Jan Cerro.<\/p>\n<p>Hem gaudit d\u2019un mat\u00ed intens ple de m\u00fasica i d\u2019emocions i ens ha recordat la import\u00e0ncia de la m\u00fasica per a la nostra vida.<\/p>\n<p>Moltes gr\u00e0cies, Jordi! I torna quan vulguis!<\/p>\n<p><a href=\"https:\/\/photos.app.goo.gl\/rtrotXR2YHEgd7WMA\"><img loading=\"lazy\" decoding=\"async\" class=\"size-full wp-image-2838 aligncenter\" src=\"https:\/\/agora.xtec.cat\/ceip-catalunya-sabadell\/wp-content\/uploads\/usu823\/2019\/03\/resized_IMG_1381.jpg\" alt=\"\" width=\"230\" height=\"172\" srcset=\"https:\/\/agora.xtec.cat\/ceip-catalunya-sabadell\/wp-content\/uploads\/usu823\/2019\/03\/resized_IMG_1381.jpg 230w, https:\/\/agora.xtec.cat\/ceip-catalunya-sabadell\/wp-content\/uploads\/usu823\/2019\/03\/resized_IMG_1381-200x150.jpg 200w\" sizes=\"auto, (max-width: 230px) 100vw, 230px\" \/>Cliqueu a sobre de la imatge per veure totes les fotos<\/a><\/p>\n<p>&nbsp;<\/p>\n","protected":false},"excerpt":{"rendered":"<p>El passat dimecres, tot just quan v\u00e0rem acabar de treballar els instruments de vent fusta amb els alumnes de 4t., vam tenir la sort de gaudir d\u2019 un taller sobre aquests instruments\u00a0 a c\u00e0rrec d\u2019en Jordi Oll\u00e9, pare de l\u2019escola i m\u00fasic professional.<br \/>\nVa venir ben&hellip;  <a href=\"https:\/\/agora.xtec.cat\/ceip-catalunya-sabadell\/portada\/a-laula-de-musica-estem-de-sort\/\" title=\"Read A L\u2019AULA DE M\u00daSICA ESTEM DE SORT!!\">Llegeix m\u00e9s\u00bb<\/a><\/p>\n","protected":false},"author":22,"featured_media":2838,"comment_status":"open","ping_status":"closed","sticky":false,"template":"","format":"standard","meta":{"_bbp_topic_count":0,"_bbp_reply_count":0,"_bbp_total_topic_count":0,"_bbp_total_reply_count":0,"_bbp_voice_count":0,"_bbp_anonymous_reply_count":0,"_bbp_topic_count_hidden":0,"_bbp_reply_count_hidden":0,"_bbp_forum_subforum_count":0,"footnotes":""},"categories":[44,4],"tags":[],"class_list":["post-2837","post","type-post","status-publish","format-standard","has-post-thumbnail","hentry","category-musica","category-portada"],"post_mailing_queue_ids":[],"_links":{"self":[{"href":"https:\/\/agora.xtec.cat\/ceip-catalunya-sabadell\/wp-json\/wp\/v2\/posts\/2837","targetHints":{"allow":["GET"]}}],"collection":[{"href":"https:\/\/agora.xtec.cat\/ceip-catalunya-sabadell\/wp-json\/wp\/v2\/posts"}],"about":[{"href":"https:\/\/agora.xtec.cat\/ceip-catalunya-sabadell\/wp-json\/wp\/v2\/types\/post"}],"author":[{"embeddable":true,"href":"https:\/\/agora.xtec.cat\/ceip-catalunya-sabadell\/wp-json\/wp\/v2\/users\/22"}],"replies":[{"embeddable":true,"href":"https:\/\/agora.xtec.cat\/ceip-catalunya-sabadell\/wp-json\/wp\/v2\/comments?post=2837"}],"version-history":[{"count":3,"href":"https:\/\/agora.xtec.cat\/ceip-catalunya-sabadell\/wp-json\/wp\/v2\/posts\/2837\/revisions"}],"predecessor-version":[{"id":2840,"href":"https:\/\/agora.xtec.cat\/ceip-catalunya-sabadell\/wp-json\/wp\/v2\/posts\/2837\/revisions\/2840"}],"wp:featuredmedia":[{"embeddable":true,"href":"https:\/\/agora.xtec.cat\/ceip-catalunya-sabadell\/wp-json\/wp\/v2\/media\/2838"}],"wp:attachment":[{"href":"https:\/\/agora.xtec.cat\/ceip-catalunya-sabadell\/wp-json\/wp\/v2\/media?parent=2837"}],"wp:term":[{"taxonomy":"category","embeddable":true,"href":"https:\/\/agora.xtec.cat\/ceip-catalunya-sabadell\/wp-json\/wp\/v2\/categories?post=2837"},{"taxonomy":"post_tag","embeddable":true,"href":"https:\/\/agora.xtec.cat\/ceip-catalunya-sabadell\/wp-json\/wp\/v2\/tags?post=2837"}],"curies":[{"name":"wp","href":"https:\/\/api.w.org\/{rel}","templated":true}]}}