{"id":2819,"date":"2019-03-25T13:03:50","date_gmt":"2019-03-25T12:03:50","guid":{"rendered":"http:\/\/agora.xtec.cat\/ceip-catalunya-sabadell\/?p=2819"},"modified":"2019-03-25T13:04:15","modified_gmt":"2019-03-25T12:04:15","slug":"trofeu-descacs","status":"publish","type":"post","link":"https:\/\/agora.xtec.cat\/ceip-catalunya-sabadell\/general\/trofeu-descacs\/","title":{"rendered":"Trofeu d&#8217;escacs"},"content":{"rendered":"<p>&nbsp;<\/p>\n<p><img loading=\"lazy\" decoding=\"async\" class=\" wp-image-2820 aligncenter\" src=\"https:\/\/agora.xtec.cat\/ceip-catalunya-sabadell\/wp-content\/uploads\/usu823\/2019\/03\/resized_IMG-1373-e1553515324947.jpg\" alt=\"\" width=\"299\" height=\"400\" \/><\/p>\n<p>&nbsp;<\/p>\n<p>Hola fam\u00edlies, som l&#8217;\u00c8ric, el Guillem i el Ra\u00fal, tots tres som alumnes de l&#8217;escola. El divendres dia 22 de mar\u00e7 vam anar a un torneig d&#8217;escacs que es va fer a la Creu Alta. Ens van donar un trofeu per l&#8217;escola, per qu\u00e8 som l&#8217;escola que m\u00e9s participants han jugat.<\/p>\n<p>Us volem recomanar que us apunteu a jugar a escacs, a nosaltres ens agrada molt. S&#8217;aprenen moltes t\u00e8cniques de jugades: la jugada del pastor, l&#8217;enroc, el jac mat, la defensa italiana, la defensa espanyola&#8230; i la m\u00e9s important \u00e9s la jugada de l&#8217;intercanvi de dames, que es fa quan una dama es deixa ser menjada per una altra dama i una pe\u00e7a de l&#8217;altre equip et menja la dama. \u00c9s molt emocionant i tamb\u00e9 s&#8217;aprenen m\u00e9s coses, com tranquil\u00b7litzar-te, tenir calma i pensar.<\/p>\n<p>Aqu\u00ed us deixem amb el trofeu, que \u00e9s per tota l&#8217;escola.<\/p>\n<p style=\"text-align: right\">\u00c8ric, Ra\u00fal i Guillem.<\/p>\n<p>&nbsp;<\/p>\n<p>&nbsp;<\/p>\n<p>&nbsp;<\/p>\n<p>&nbsp;<\/p>\n","protected":false},"excerpt":{"rendered":"<p>&nbsp;<\/p>\n<p>&nbsp;<br \/>\nHola fam\u00edlies, som l&#8217;\u00c8ric, el Guillem i el Ra\u00fal, tots tres som alumnes de l&#8217;escola. El divendres dia 22 de mar\u00e7 vam anar a un torneig d&#8217;escacs que es va fer a la Creu Alta. Ens van donar un trofeu per l&#8217;escola, per qu\u00e8 som&hellip;  <a href=\"https:\/\/agora.xtec.cat\/ceip-catalunya-sabadell\/general\/trofeu-descacs\/\" title=\"Read Trofeu d&#8217;escacs\">Llegeix m\u00e9s\u00bb<\/a><\/p>\n","protected":false},"author":22,"featured_media":2820,"comment_status":"open","ping_status":"closed","sticky":false,"template":"","format":"standard","meta":{"_bbp_topic_count":0,"_bbp_reply_count":0,"_bbp_total_topic_count":0,"_bbp_total_reply_count":0,"_bbp_voice_count":0,"_bbp_anonymous_reply_count":0,"_bbp_topic_count_hidden":0,"_bbp_reply_count_hidden":0,"_bbp_forum_subforum_count":0,"footnotes":""},"categories":[1,4],"tags":[],"class_list":["post-2819","post","type-post","status-publish","format-standard","has-post-thumbnail","hentry","category-general","category-portada"],"post_mailing_queue_ids":[],"_links":{"self":[{"href":"https:\/\/agora.xtec.cat\/ceip-catalunya-sabadell\/wp-json\/wp\/v2\/posts\/2819","targetHints":{"allow":["GET"]}}],"collection":[{"href":"https:\/\/agora.xtec.cat\/ceip-catalunya-sabadell\/wp-json\/wp\/v2\/posts"}],"about":[{"href":"https:\/\/agora.xtec.cat\/ceip-catalunya-sabadell\/wp-json\/wp\/v2\/types\/post"}],"author":[{"embeddable":true,"href":"https:\/\/agora.xtec.cat\/ceip-catalunya-sabadell\/wp-json\/wp\/v2\/users\/22"}],"replies":[{"embeddable":true,"href":"https:\/\/agora.xtec.cat\/ceip-catalunya-sabadell\/wp-json\/wp\/v2\/comments?post=2819"}],"version-history":[{"count":3,"href":"https:\/\/agora.xtec.cat\/ceip-catalunya-sabadell\/wp-json\/wp\/v2\/posts\/2819\/revisions"}],"predecessor-version":[{"id":2824,"href":"https:\/\/agora.xtec.cat\/ceip-catalunya-sabadell\/wp-json\/wp\/v2\/posts\/2819\/revisions\/2824"}],"wp:featuredmedia":[{"embeddable":true,"href":"https:\/\/agora.xtec.cat\/ceip-catalunya-sabadell\/wp-json\/wp\/v2\/media\/2820"}],"wp:attachment":[{"href":"https:\/\/agora.xtec.cat\/ceip-catalunya-sabadell\/wp-json\/wp\/v2\/media?parent=2819"}],"wp:term":[{"taxonomy":"category","embeddable":true,"href":"https:\/\/agora.xtec.cat\/ceip-catalunya-sabadell\/wp-json\/wp\/v2\/categories?post=2819"},{"taxonomy":"post_tag","embeddable":true,"href":"https:\/\/agora.xtec.cat\/ceip-catalunya-sabadell\/wp-json\/wp\/v2\/tags?post=2819"}],"curies":[{"name":"wp","href":"https:\/\/api.w.org\/{rel}","templated":true}]}}