{"id":2812,"date":"2019-03-25T16:22:05","date_gmt":"2019-03-25T15:22:05","guid":{"rendered":"http:\/\/agora.xtec.cat\/ceip-catalunya-sabadell\/?p=2812"},"modified":"2019-11-13T10:09:20","modified_gmt":"2019-11-13T09:09:20","slug":"werens-visitara-la-nostra-escola","status":"publish","type":"post","link":"https:\/\/agora.xtec.cat\/ceip-catalunya-sabadell\/infantil\/werens-visitara-la-nostra-escola\/","title":{"rendered":"Werens visitar\u00e0 la nostra escola"},"content":{"rendered":"<p>El graffiter sabadallenc Werens visitar\u00e0 aviat la nostra escola i donar\u00e0 color a una de les parets del nostre pati. Per donar a con\u00e8ixer una mica la seva traject\u00f2ria hem preparat aquest video. El podeu visualitzar, comentar, ampliar amb els vostres fills\/es. Esperem que us agradi. Aquesta activitat es podr\u00e0 dur a terme gr\u00e0cies la implicaci\u00f3 de l&#8217;AMPA.<\/p>\n<p><a href=\"https:\/\/youtu.be\/9MJKhBr_DMc\">https:\/\/youtu.be\/9MJKhBr_DMc<\/a><\/p>\n","protected":false},"excerpt":{"rendered":"<p>El graffiter sabadallenc Werens visitar\u00e0 aviat la nostra escola i donar\u00e0 color a una de les parets del nostre pati. Per donar a con\u00e8ixer una mica la seva traject\u00f2ria hem preparat aquest video. El podeu visualitzar, comentar, ampliar amb els vostres fills\/es. Esperem que us&hellip;  <a href=\"https:\/\/agora.xtec.cat\/ceip-catalunya-sabadell\/infantil\/werens-visitara-la-nostra-escola\/\" title=\"Read Werens visitar\u00e0 la nostra escola\">Llegeix m\u00e9s\u00bb<\/a><\/p>\n","protected":false},"author":39,"featured_media":2825,"comment_status":"open","ping_status":"closed","sticky":false,"template":"","format":"standard","meta":{"_bbp_topic_count":0,"_bbp_reply_count":0,"_bbp_total_topic_count":0,"_bbp_total_reply_count":0,"_bbp_voice_count":0,"_bbp_anonymous_reply_count":0,"_bbp_topic_count_hidden":0,"_bbp_reply_count_hidden":0,"_bbp_forum_subforum_count":0,"footnotes":""},"categories":[119,2],"tags":[],"class_list":["post-2812","post","type-post","status-publish","format-standard","has-post-thumbnail","hentry","category-promocio-18-27","category-infantil"],"post_mailing_queue_ids":[],"_links":{"self":[{"href":"https:\/\/agora.xtec.cat\/ceip-catalunya-sabadell\/wp-json\/wp\/v2\/posts\/2812","targetHints":{"allow":["GET"]}}],"collection":[{"href":"https:\/\/agora.xtec.cat\/ceip-catalunya-sabadell\/wp-json\/wp\/v2\/posts"}],"about":[{"href":"https:\/\/agora.xtec.cat\/ceip-catalunya-sabadell\/wp-json\/wp\/v2\/types\/post"}],"author":[{"embeddable":true,"href":"https:\/\/agora.xtec.cat\/ceip-catalunya-sabadell\/wp-json\/wp\/v2\/users\/39"}],"replies":[{"embeddable":true,"href":"https:\/\/agora.xtec.cat\/ceip-catalunya-sabadell\/wp-json\/wp\/v2\/comments?post=2812"}],"version-history":[{"count":2,"href":"https:\/\/agora.xtec.cat\/ceip-catalunya-sabadell\/wp-json\/wp\/v2\/posts\/2812\/revisions"}],"predecessor-version":[{"id":2814,"href":"https:\/\/agora.xtec.cat\/ceip-catalunya-sabadell\/wp-json\/wp\/v2\/posts\/2812\/revisions\/2814"}],"wp:featuredmedia":[{"embeddable":true,"href":"https:\/\/agora.xtec.cat\/ceip-catalunya-sabadell\/wp-json\/wp\/v2\/media\/2825"}],"wp:attachment":[{"href":"https:\/\/agora.xtec.cat\/ceip-catalunya-sabadell\/wp-json\/wp\/v2\/media?parent=2812"}],"wp:term":[{"taxonomy":"category","embeddable":true,"href":"https:\/\/agora.xtec.cat\/ceip-catalunya-sabadell\/wp-json\/wp\/v2\/categories?post=2812"},{"taxonomy":"post_tag","embeddable":true,"href":"https:\/\/agora.xtec.cat\/ceip-catalunya-sabadell\/wp-json\/wp\/v2\/tags?post=2812"}],"curies":[{"name":"wp","href":"https:\/\/api.w.org\/{rel}","templated":true}]}}