{"id":2800,"date":"2019-03-19T19:46:51","date_gmt":"2019-03-19T18:46:51","guid":{"rendered":"http:\/\/agora.xtec.cat\/ceip-catalunya-sabadell\/?p=2800"},"modified":"2019-03-19T19:46:51","modified_gmt":"2019-03-19T18:46:51","slug":"making-off-el-temps","status":"publish","type":"post","link":"https:\/\/agora.xtec.cat\/ceip-catalunya-sabadell\/general\/making-off-el-temps\/","title":{"rendered":"Making off El Temps"},"content":{"rendered":"<p>Benvolgudes fam\u00edlies,<\/p>\n<p>La setmana passada vam comen\u00e7ar la gravaci\u00f3 del projecte de teatre relacionat amb el temps. Aqu\u00ed podreu veure alguns v\u00eddeos de la gravaci\u00f3.<\/p>\n<p>Feu clic en aquest <a href=\"https:\/\/photos.app.goo.gl\/2gnML1cisKX5LVy16\">enlla\u00e7<\/a> per poder veure el v\u00eddeo. Ens ho hem passat s\u00faper b\u00e9!!!!<\/p>\n<p style=\"text-align: right;\">Nens i nenes de 2n<\/p>\n<p>&nbsp;<\/p>\n","protected":false},"excerpt":{"rendered":"<p>Benvolgudes fam\u00edlies,<br \/>\nLa setmana passada vam comen\u00e7ar la gravaci\u00f3 del projecte de teatre relacionat amb el temps. Aqu\u00ed podreu veure alguns v\u00eddeos de la gravaci\u00f3.<br \/>\nFeu clic en aquest <a href=\"https:\/\/photos.app.goo.gl\/2gnML1cisKX5LVy16\">enlla\u00e7<\/a> per poder veure el v\u00eddeo. Ens ho hem passat s\u00faper b\u00e9!!!!<br \/>\nNens i nenes de 2n<br \/>\n&nbsp;<\/p>\n","protected":false},"author":26,"featured_media":0,"comment_status":"open","ping_status":"closed","sticky":false,"template":"","format":"standard","meta":{"_bbp_topic_count":0,"_bbp_reply_count":0,"_bbp_total_topic_count":0,"_bbp_total_reply_count":0,"_bbp_voice_count":0,"_bbp_anonymous_reply_count":0,"_bbp_topic_count_hidden":0,"_bbp_reply_count_hidden":0,"_bbp_forum_subforum_count":0,"footnotes":""},"categories":[1,37],"tags":[],"class_list":["post-2800","post","type-post","status-publish","format-standard","hentry","category-general","category-teatre"],"post_mailing_queue_ids":[],"_links":{"self":[{"href":"https:\/\/agora.xtec.cat\/ceip-catalunya-sabadell\/wp-json\/wp\/v2\/posts\/2800","targetHints":{"allow":["GET"]}}],"collection":[{"href":"https:\/\/agora.xtec.cat\/ceip-catalunya-sabadell\/wp-json\/wp\/v2\/posts"}],"about":[{"href":"https:\/\/agora.xtec.cat\/ceip-catalunya-sabadell\/wp-json\/wp\/v2\/types\/post"}],"author":[{"embeddable":true,"href":"https:\/\/agora.xtec.cat\/ceip-catalunya-sabadell\/wp-json\/wp\/v2\/users\/26"}],"replies":[{"embeddable":true,"href":"https:\/\/agora.xtec.cat\/ceip-catalunya-sabadell\/wp-json\/wp\/v2\/comments?post=2800"}],"version-history":[{"count":3,"href":"https:\/\/agora.xtec.cat\/ceip-catalunya-sabadell\/wp-json\/wp\/v2\/posts\/2800\/revisions"}],"predecessor-version":[{"id":2809,"href":"https:\/\/agora.xtec.cat\/ceip-catalunya-sabadell\/wp-json\/wp\/v2\/posts\/2800\/revisions\/2809"}],"wp:attachment":[{"href":"https:\/\/agora.xtec.cat\/ceip-catalunya-sabadell\/wp-json\/wp\/v2\/media?parent=2800"}],"wp:term":[{"taxonomy":"category","embeddable":true,"href":"https:\/\/agora.xtec.cat\/ceip-catalunya-sabadell\/wp-json\/wp\/v2\/categories?post=2800"},{"taxonomy":"post_tag","embeddable":true,"href":"https:\/\/agora.xtec.cat\/ceip-catalunya-sabadell\/wp-json\/wp\/v2\/tags?post=2800"}],"curies":[{"name":"wp","href":"https:\/\/api.w.org\/{rel}","templated":true}]}}