{"id":2787,"date":"2019-03-17T15:42:45","date_gmt":"2019-03-17T14:42:45","guid":{"rendered":"http:\/\/agora.xtec.cat\/ceip-catalunya-sabadell\/?p=2787"},"modified":"2019-03-17T15:46:31","modified_gmt":"2019-03-17T14:46:31","slug":"festa-de-carnaval","status":"publish","type":"post","link":"https:\/\/agora.xtec.cat\/ceip-catalunya-sabadell\/portada\/festa-de-carnaval\/","title":{"rendered":"Festa de Carnaval"},"content":{"rendered":"<p>Benvolgudes fam\u00edlies,<\/p>\n<p>us deixem un breu resum del que va ser la nostra festa de Carnaval, sempre governada pel Rei Carnestoltes, el rei de la disbauxa\u2026<\/p>\n<p>Preg\u00f3 de la festa de Carnaval:<\/p>\n<p><iframe loading=\"lazy\" title=\"Preg\u00f3 de Carnaval\" width=\"500\" height=\"281\" src=\"https:\/\/www.youtube.com\/embed\/zMkVyZaD5To?feature=oembed\" frameborder=\"0\" allow=\"accelerometer; autoplay; clipboard-write; encrypted-media; gyroscope; picture-in-picture; web-share\" referrerpolicy=\"strict-origin-when-cross-origin\" allowfullscreen><\/iframe><\/p>\n<p>&nbsp;<\/p>\n<p>Ball d&#8217;Educaci\u00f3 Infantil (P3, P4 i P5):<\/p>\n<p><iframe loading=\"lazy\" title=\"BALL D&#039;EDUCACI\u00d3 INFANTIL\" width=\"500\" height=\"281\" src=\"https:\/\/www.youtube.com\/embed\/E_rIcp_TwuA?feature=oembed\" frameborder=\"0\" allow=\"accelerometer; autoplay; clipboard-write; encrypted-media; gyroscope; picture-in-picture; web-share\" referrerpolicy=\"strict-origin-when-cross-origin\" allowfullscreen><\/iframe><\/p>\n<p>Bals de Cicle Inicial (1r i 2n d&#8217;Educaci\u00f3 Prim\u00e0ria):<\/p>\n<p><iframe loading=\"lazy\" title=\"BALLS DE CICLE INICIAL\" width=\"500\" height=\"281\" src=\"https:\/\/www.youtube.com\/embed\/2wheatZk2Vg?feature=oembed\" frameborder=\"0\" allow=\"accelerometer; autoplay; clipboard-write; encrypted-media; gyroscope; picture-in-picture; web-share\" referrerpolicy=\"strict-origin-when-cross-origin\" allowfullscreen><\/iframe><\/p>\n<p>Balls de Cicle Mitj\u00e0 (3r i 4t d&#8217;Educaci\u00f3 Prim\u00e0ria):<\/p>\n<p><iframe loading=\"lazy\" title=\"BALLS DE CICLE MITJ\u00c0\" width=\"500\" height=\"281\" src=\"https:\/\/www.youtube.com\/embed\/QFz5v2lukxc?feature=oembed\" frameborder=\"0\" allow=\"accelerometer; autoplay; clipboard-write; encrypted-media; gyroscope; picture-in-picture; web-share\" referrerpolicy=\"strict-origin-when-cross-origin\" allowfullscreen><\/iframe><\/p>\n<p>&nbsp;<\/p>\n<p>Balls de Cicle Superior (5\u00e8 i 6\u00e8 d&#8217;Educaci\u00f3 Prim\u00e0ria):<\/p>\n<p><iframe loading=\"lazy\" title=\"BALLS DE CICLE SUPERIOR\" width=\"500\" height=\"281\" src=\"https:\/\/www.youtube.com\/embed\/K9KVzO9FSMs?feature=oembed\" frameborder=\"0\" allow=\"accelerometer; autoplay; clipboard-write; encrypted-media; gyroscope; picture-in-picture; web-share\" referrerpolicy=\"strict-origin-when-cross-origin\" allowfullscreen><\/iframe><\/p>\n<p>Cloenda de la festa de Carnaval:<\/p>\n<p><iframe loading=\"lazy\" title=\"Final de festa de Carnaval\" width=\"500\" height=\"281\" src=\"https:\/\/www.youtube.com\/embed\/IPt9vcXTr8g?feature=oembed\" frameborder=\"0\" allow=\"accelerometer; autoplay; clipboard-write; encrypted-media; gyroscope; picture-in-picture; web-share\" referrerpolicy=\"strict-origin-when-cross-origin\" allowfullscreen><\/iframe><\/p>\n<p>&nbsp;<\/p>\n","protected":false},"excerpt":{"rendered":"<p>Benvolgudes fam\u00edlies,<br \/>\nus deixem un breu resum del que va ser la nostra festa de Carnaval, sempre governada pel Rei Carnestoltes, el rei de la disbauxa\u2026<br \/>\nPreg\u00f3 de la festa de Carnaval:<\/p>\n<p>&nbsp;<br \/>\nBall d&#8217;Educaci\u00f3 Infantil (P3, P4 i P5):<\/p>\n<p>Bals de Cicle Inicial (1r i 2n d&#8217;Educaci\u00f3 Prim\u00e0ria):<\/p>\n<p>Balls de&hellip;  <a href=\"https:\/\/agora.xtec.cat\/ceip-catalunya-sabadell\/portada\/festa-de-carnaval\/\" title=\"Read Festa de Carnaval\">Llegeix m\u00e9s\u00bb<\/a><\/p>\n","protected":false},"author":22,"featured_media":2789,"comment_status":"open","ping_status":"closed","sticky":false,"template":"","format":"standard","meta":{"_bbp_topic_count":0,"_bbp_reply_count":0,"_bbp_total_topic_count":0,"_bbp_total_reply_count":0,"_bbp_voice_count":0,"_bbp_anonymous_reply_count":0,"_bbp_topic_count_hidden":0,"_bbp_reply_count_hidden":0,"_bbp_forum_subforum_count":0,"footnotes":""},"categories":[36,4],"tags":[],"class_list":["post-2787","post","type-post","status-publish","format-standard","has-post-thumbnail","hentry","category-festes","category-portada"],"post_mailing_queue_ids":[],"_links":{"self":[{"href":"https:\/\/agora.xtec.cat\/ceip-catalunya-sabadell\/wp-json\/wp\/v2\/posts\/2787","targetHints":{"allow":["GET"]}}],"collection":[{"href":"https:\/\/agora.xtec.cat\/ceip-catalunya-sabadell\/wp-json\/wp\/v2\/posts"}],"about":[{"href":"https:\/\/agora.xtec.cat\/ceip-catalunya-sabadell\/wp-json\/wp\/v2\/types\/post"}],"author":[{"embeddable":true,"href":"https:\/\/agora.xtec.cat\/ceip-catalunya-sabadell\/wp-json\/wp\/v2\/users\/22"}],"replies":[{"embeddable":true,"href":"https:\/\/agora.xtec.cat\/ceip-catalunya-sabadell\/wp-json\/wp\/v2\/comments?post=2787"}],"version-history":[{"count":1,"href":"https:\/\/agora.xtec.cat\/ceip-catalunya-sabadell\/wp-json\/wp\/v2\/posts\/2787\/revisions"}],"predecessor-version":[{"id":2790,"href":"https:\/\/agora.xtec.cat\/ceip-catalunya-sabadell\/wp-json\/wp\/v2\/posts\/2787\/revisions\/2790"}],"wp:featuredmedia":[{"embeddable":true,"href":"https:\/\/agora.xtec.cat\/ceip-catalunya-sabadell\/wp-json\/wp\/v2\/media\/2789"}],"wp:attachment":[{"href":"https:\/\/agora.xtec.cat\/ceip-catalunya-sabadell\/wp-json\/wp\/v2\/media?parent=2787"}],"wp:term":[{"taxonomy":"category","embeddable":true,"href":"https:\/\/agora.xtec.cat\/ceip-catalunya-sabadell\/wp-json\/wp\/v2\/categories?post=2787"},{"taxonomy":"post_tag","embeddable":true,"href":"https:\/\/agora.xtec.cat\/ceip-catalunya-sabadell\/wp-json\/wp\/v2\/tags?post=2787"}],"curies":[{"name":"wp","href":"https:\/\/api.w.org\/{rel}","templated":true}]}}