{"id":2751,"date":"2019-03-11T16:29:17","date_gmt":"2019-03-11T15:29:17","guid":{"rendered":"http:\/\/agora.xtec.cat\/ceip-catalunya-sabadell\/?p=2751"},"modified":"2019-03-11T16:29:31","modified_gmt":"2019-03-11T15:29:31","slug":"calcotada-a-lescola","status":"publish","type":"post","link":"https:\/\/agora.xtec.cat\/ceip-catalunya-sabadell\/portada\/calcotada-a-lescola\/","title":{"rendered":"Cal\u00e7otada a l&#8217;escola"},"content":{"rendered":"<p>El passat diumenge 10 de mar\u00e7 vam fer una bona festa a l&#8217;escola, amb motiu de la celebraci\u00f3 per haver aconseguit la subvenci\u00f3 dins del projecte Construint Ciutat convocat per l&#8217;Ajuntament de Sabadell, amb la proposta presentada per l&#8217;AMPA: Posem a punt l&#8217;Escola Catalunya. Vam gaudir d&#8217;una matinal\u00a0 amb ballaruca, batukada i animaci\u00f3. Tamb\u00e9 vam aprofitar i una brigada de pares de l&#8217;AMPA van construir un nou espai de joc al pati d&#8217;Educaci\u00f3 Infantil (amb l&#8217;assessorament de l&#8217;equip de mestres d&#8217;infantil) i, finalment&#8230; vam gaudir amb una bona cal\u00e7otada i botifarrada! Aqu\u00ed teniu un recull de fotos de la jornada (cliqueu a sobre de la imatge per accedir a l&#8217;\u00e0lbum)<\/p>\n<p>&nbsp;<\/p>\n<p><a href=\"https:\/\/photos.app.goo.gl\/naJNgEhvxxqUqbAm8\"><img loading=\"lazy\" decoding=\"async\" class=\" wp-image-2752 aligncenter\" src=\"https:\/\/agora.xtec.cat\/ceip-catalunya-sabadell\/wp-content\/uploads\/usu823\/2019\/03\/resized_IMG_1207.jpg\" alt=\"\" width=\"396\" height=\"296\" srcset=\"https:\/\/agora.xtec.cat\/ceip-catalunya-sabadell\/wp-content\/uploads\/usu823\/2019\/03\/resized_IMG_1207.jpg 230w, https:\/\/agora.xtec.cat\/ceip-catalunya-sabadell\/wp-content\/uploads\/usu823\/2019\/03\/resized_IMG_1207-200x150.jpg 200w\" sizes=\"auto, (max-width: 396px) 100vw, 396px\" \/><\/a><\/p>\n","protected":false},"excerpt":{"rendered":"<p>El passat diumenge 10 de mar\u00e7 vam fer una bona festa a l&#8217;escola, amb motiu de la celebraci\u00f3 per haver aconseguit la subvenci\u00f3 dins del projecte Construint Ciutat convocat per l&#8217;Ajuntament de Sabadell, amb la proposta presentada per l&#8217;AMPA: Posem a punt l&#8217;Escola Catalunya. Vam&hellip;  <a href=\"https:\/\/agora.xtec.cat\/ceip-catalunya-sabadell\/portada\/calcotada-a-lescola\/\" title=\"Read Cal\u00e7otada a l&#8217;escola\">Llegeix m\u00e9s\u00bb<\/a><\/p>\n","protected":false},"author":22,"featured_media":2752,"comment_status":"open","ping_status":"closed","sticky":false,"template":"","format":"standard","meta":{"_bbp_topic_count":0,"_bbp_reply_count":0,"_bbp_total_topic_count":0,"_bbp_total_reply_count":0,"_bbp_voice_count":0,"_bbp_anonymous_reply_count":0,"_bbp_topic_count_hidden":0,"_bbp_reply_count_hidden":0,"_bbp_forum_subforum_count":0,"footnotes":""},"categories":[4],"tags":[],"class_list":["post-2751","post","type-post","status-publish","format-standard","has-post-thumbnail","hentry","category-portada"],"post_mailing_queue_ids":[],"_links":{"self":[{"href":"https:\/\/agora.xtec.cat\/ceip-catalunya-sabadell\/wp-json\/wp\/v2\/posts\/2751","targetHints":{"allow":["GET"]}}],"collection":[{"href":"https:\/\/agora.xtec.cat\/ceip-catalunya-sabadell\/wp-json\/wp\/v2\/posts"}],"about":[{"href":"https:\/\/agora.xtec.cat\/ceip-catalunya-sabadell\/wp-json\/wp\/v2\/types\/post"}],"author":[{"embeddable":true,"href":"https:\/\/agora.xtec.cat\/ceip-catalunya-sabadell\/wp-json\/wp\/v2\/users\/22"}],"replies":[{"embeddable":true,"href":"https:\/\/agora.xtec.cat\/ceip-catalunya-sabadell\/wp-json\/wp\/v2\/comments?post=2751"}],"version-history":[{"count":2,"href":"https:\/\/agora.xtec.cat\/ceip-catalunya-sabadell\/wp-json\/wp\/v2\/posts\/2751\/revisions"}],"predecessor-version":[{"id":2754,"href":"https:\/\/agora.xtec.cat\/ceip-catalunya-sabadell\/wp-json\/wp\/v2\/posts\/2751\/revisions\/2754"}],"wp:featuredmedia":[{"embeddable":true,"href":"https:\/\/agora.xtec.cat\/ceip-catalunya-sabadell\/wp-json\/wp\/v2\/media\/2752"}],"wp:attachment":[{"href":"https:\/\/agora.xtec.cat\/ceip-catalunya-sabadell\/wp-json\/wp\/v2\/media?parent=2751"}],"wp:term":[{"taxonomy":"category","embeddable":true,"href":"https:\/\/agora.xtec.cat\/ceip-catalunya-sabadell\/wp-json\/wp\/v2\/categories?post=2751"},{"taxonomy":"post_tag","embeddable":true,"href":"https:\/\/agora.xtec.cat\/ceip-catalunya-sabadell\/wp-json\/wp\/v2\/tags?post=2751"}],"curies":[{"name":"wp","href":"https:\/\/api.w.org\/{rel}","templated":true}]}}