{"id":2642,"date":"2019-03-19T19:46:16","date_gmt":"2019-03-19T18:46:16","guid":{"rendered":"http:\/\/agora.xtec.cat\/ceip-catalunya-sabadell\/?p=2642"},"modified":"2019-03-19T19:46:16","modified_gmt":"2019-03-19T18:46:16","slug":"projecte-dels-cocodrils","status":"publish","type":"post","link":"https:\/\/agora.xtec.cat\/ceip-catalunya-sabadell\/general\/projecte-dels-cocodrils\/","title":{"rendered":"Projecte dels Cocodrils"},"content":{"rendered":"<p style=\"text-align: center;\">Els nens i nenes de la classe dels cocodrils (2n B) han estat treballant molt en el projecte d&#8217;aula. Primer, han formulat una pregunta sobre qu\u00e8 els agradaria saber sobre els ratpenats i despr\u00e9s s&#8217;han distribu\u00eft per grups. Cada grup s&#8217;ha fet expert d&#8217;una de les preguntes formulades i han buscat informaci\u00f3 per resoldre aquesta inc\u00f2gnita a Internet, a la Biblioteca, als llibres, etc. Durant unes setmanes han estat construint el mural que despr\u00e9s han exposat a la resta de companys. D&#8217;aquesta manera tots els nens i nenes han apr\u00e8s del treball dels altres companys.<\/p>\n<p>A m\u00e9s, entre tots han fet la que ser\u00e0 l&#8217;avaluaci\u00f3. En els mateixos grups de treball han formulat una pregunta amb quatre possibles respostes de les quals una nom\u00e9s \u00e9s la correcta. Amb aquestes preguntes i l&#8217;ajuda del Kahoot hem creat un joc per avaluar els coneixements apresos al llarg de tot el projecte.<\/p>\n<p>En els seg\u00fcents enlla\u00e7os trobareu les fotos del proc\u00e9s de l&#8217;elaboraci\u00f3 dels murals i el v\u00eddeo amb les exposicions orals dels treballs.<\/p>\n<p>Esperem que us agradin molt, ja que tots els nens i nenes han treballat molt. Estem molt contentes amb els aven\u00e7os, felicitats!<\/p>\n<p><a href=\"https:\/\/photos.app.goo.gl\/56xb2x6UpeKUqohB9\">FOTOS DEL PROC\u00c9S<\/a><\/p>\n<p><a href=\"https:\/\/photos.app.goo.gl\/dzjbmFH32xZEnojp6\">EXPOSICIONS ORALS<\/a><\/p>\n","protected":false},"excerpt":{"rendered":"<p>Els nens i nenes de la classe dels cocodrils (2n B) han estat treballant molt en el projecte d&#8217;aula. Primer, han formulat una pregunta sobre qu\u00e8 els agradaria saber sobre els ratpenats i despr\u00e9s s&#8217;han distribu\u00eft per grups. Cada grup s&#8217;ha fet expert d&#8217;una de&hellip;  <a href=\"https:\/\/agora.xtec.cat\/ceip-catalunya-sabadell\/general\/projecte-dels-cocodrils\/\" title=\"Read Projecte dels Cocodrils\">Llegeix m\u00e9s\u00bb<\/a><\/p>\n","protected":false},"author":26,"featured_media":0,"comment_status":"open","ping_status":"closed","sticky":false,"template":"","format":"standard","meta":{"_bbp_topic_count":0,"_bbp_reply_count":0,"_bbp_total_topic_count":0,"_bbp_total_reply_count":0,"_bbp_voice_count":0,"_bbp_anonymous_reply_count":0,"_bbp_topic_count_hidden":0,"_bbp_reply_count_hidden":0,"_bbp_forum_subforum_count":0,"footnotes":""},"categories":[1],"tags":[],"class_list":["post-2642","post","type-post","status-publish","format-standard","hentry","category-general"],"post_mailing_queue_ids":[],"_links":{"self":[{"href":"https:\/\/agora.xtec.cat\/ceip-catalunya-sabadell\/wp-json\/wp\/v2\/posts\/2642","targetHints":{"allow":["GET"]}}],"collection":[{"href":"https:\/\/agora.xtec.cat\/ceip-catalunya-sabadell\/wp-json\/wp\/v2\/posts"}],"about":[{"href":"https:\/\/agora.xtec.cat\/ceip-catalunya-sabadell\/wp-json\/wp\/v2\/types\/post"}],"author":[{"embeddable":true,"href":"https:\/\/agora.xtec.cat\/ceip-catalunya-sabadell\/wp-json\/wp\/v2\/users\/26"}],"replies":[{"embeddable":true,"href":"https:\/\/agora.xtec.cat\/ceip-catalunya-sabadell\/wp-json\/wp\/v2\/comments?post=2642"}],"version-history":[{"count":3,"href":"https:\/\/agora.xtec.cat\/ceip-catalunya-sabadell\/wp-json\/wp\/v2\/posts\/2642\/revisions"}],"predecessor-version":[{"id":2808,"href":"https:\/\/agora.xtec.cat\/ceip-catalunya-sabadell\/wp-json\/wp\/v2\/posts\/2642\/revisions\/2808"}],"wp:attachment":[{"href":"https:\/\/agora.xtec.cat\/ceip-catalunya-sabadell\/wp-json\/wp\/v2\/media?parent=2642"}],"wp:term":[{"taxonomy":"category","embeddable":true,"href":"https:\/\/agora.xtec.cat\/ceip-catalunya-sabadell\/wp-json\/wp\/v2\/categories?post=2642"},{"taxonomy":"post_tag","embeddable":true,"href":"https:\/\/agora.xtec.cat\/ceip-catalunya-sabadell\/wp-json\/wp\/v2\/tags?post=2642"}],"curies":[{"name":"wp","href":"https:\/\/api.w.org\/{rel}","templated":true}]}}