{"id":2586,"date":"2019-02-25T11:11:25","date_gmt":"2019-02-25T10:11:25","guid":{"rendered":"http:\/\/agora.xtec.cat\/ceip-catalunya-sabadell\/?p=2586"},"modified":"2019-02-25T11:12:16","modified_gmt":"2019-02-25T10:12:16","slug":"2a-xocolatada-solidaria","status":"publish","type":"post","link":"https:\/\/agora.xtec.cat\/ceip-catalunya-sabadell\/general\/2a-xocolatada-solidaria\/","title":{"rendered":"2a Xocolatada Solid\u00e0ria"},"content":{"rendered":"<p>\u00c8xit total de la segona edici\u00f3 de la Xocolatada Solid\u00e0ria per l&#8217;Hospital Sant Joan de D\u00e9u, portada a terme per mares delegades de diferents nivell de l&#8217;escola.\u00a0 Tot i fer caloreta, divendres vam fer curts amb la xocolata calenta, fent una recaptaci\u00f3 de 267 euros! Tots aquests diners es destinaran \u00edntegrament a\u00a0projectes pioners en el diagn\u00f2stic i tractament del C\u00e0ncer Infantil.<\/p>\n<p>Si cliqueu a sobre de la imatge, veureu l&#8217;\u00e0lbum de fotos.<\/p>\n<p>Moltes gr\u00e0cies fam\u00edlies!!!<\/p>\n<p>&nbsp;<\/p>\n<p><a href=\"https:\/\/photos.app.goo.gl\/kQcpx2nQiEFdLD5B8\"><img loading=\"lazy\" decoding=\"async\" class=\"size-medium wp-image-2587 aligncenter\" src=\"https:\/\/agora.xtec.cat\/ceip-catalunya-sabadell\/wp-content\/uploads\/usu823\/2019\/02\/resized_IMG_20190222_1627-300x189.jpg\" alt=\"\" width=\"300\" height=\"189\" srcset=\"https:\/\/agora.xtec.cat\/ceip-catalunya-sabadell\/wp-content\/uploads\/usu823\/2019\/02\/resized_IMG_20190222_1627-300x189.jpg 300w, https:\/\/agora.xtec.cat\/ceip-catalunya-sabadell\/wp-content\/uploads\/usu823\/2019\/02\/resized_IMG_20190222_1627-768x485.jpg 768w, https:\/\/agora.xtec.cat\/ceip-catalunya-sabadell\/wp-content\/uploads\/usu823\/2019\/02\/resized_IMG_20190222_1627-1024x646.jpg 1024w, https:\/\/agora.xtec.cat\/ceip-catalunya-sabadell\/wp-content\/uploads\/usu823\/2019\/02\/resized_IMG_20190222_1627.jpg 1071w\" sizes=\"auto, (max-width: 300px) 100vw, 300px\" \/><\/a><\/p>\n","protected":false},"excerpt":{"rendered":"<p>\u00c8xit total de la segona edici\u00f3 de la Xocolatada Solid\u00e0ria per l&#8217;Hospital Sant Joan de D\u00e9u, portada a terme per mares delegades de diferents nivell de l&#8217;escola.\u00a0 Tot i fer caloreta, divendres vam fer curts amb la xocolata calenta, fent una recaptaci\u00f3 de 267 euros!&hellip;  <a href=\"https:\/\/agora.xtec.cat\/ceip-catalunya-sabadell\/general\/2a-xocolatada-solidaria\/\" title=\"Read 2a Xocolatada Solid\u00e0ria\">Llegeix m\u00e9s\u00bb<\/a><\/p>\n","protected":false},"author":22,"featured_media":2587,"comment_status":"open","ping_status":"closed","sticky":false,"template":"","format":"standard","meta":{"_bbp_topic_count":0,"_bbp_reply_count":0,"_bbp_total_topic_count":0,"_bbp_total_reply_count":0,"_bbp_voice_count":0,"_bbp_anonymous_reply_count":0,"_bbp_topic_count_hidden":0,"_bbp_reply_count_hidden":0,"_bbp_forum_subforum_count":0,"footnotes":""},"categories":[1,4],"tags":[],"class_list":["post-2586","post","type-post","status-publish","format-standard","has-post-thumbnail","hentry","category-general","category-portada"],"post_mailing_queue_ids":[],"_links":{"self":[{"href":"https:\/\/agora.xtec.cat\/ceip-catalunya-sabadell\/wp-json\/wp\/v2\/posts\/2586","targetHints":{"allow":["GET"]}}],"collection":[{"href":"https:\/\/agora.xtec.cat\/ceip-catalunya-sabadell\/wp-json\/wp\/v2\/posts"}],"about":[{"href":"https:\/\/agora.xtec.cat\/ceip-catalunya-sabadell\/wp-json\/wp\/v2\/types\/post"}],"author":[{"embeddable":true,"href":"https:\/\/agora.xtec.cat\/ceip-catalunya-sabadell\/wp-json\/wp\/v2\/users\/22"}],"replies":[{"embeddable":true,"href":"https:\/\/agora.xtec.cat\/ceip-catalunya-sabadell\/wp-json\/wp\/v2\/comments?post=2586"}],"version-history":[{"count":3,"href":"https:\/\/agora.xtec.cat\/ceip-catalunya-sabadell\/wp-json\/wp\/v2\/posts\/2586\/revisions"}],"predecessor-version":[{"id":2637,"href":"https:\/\/agora.xtec.cat\/ceip-catalunya-sabadell\/wp-json\/wp\/v2\/posts\/2586\/revisions\/2637"}],"wp:featuredmedia":[{"embeddable":true,"href":"https:\/\/agora.xtec.cat\/ceip-catalunya-sabadell\/wp-json\/wp\/v2\/media\/2587"}],"wp:attachment":[{"href":"https:\/\/agora.xtec.cat\/ceip-catalunya-sabadell\/wp-json\/wp\/v2\/media?parent=2586"}],"wp:term":[{"taxonomy":"category","embeddable":true,"href":"https:\/\/agora.xtec.cat\/ceip-catalunya-sabadell\/wp-json\/wp\/v2\/categories?post=2586"},{"taxonomy":"post_tag","embeddable":true,"href":"https:\/\/agora.xtec.cat\/ceip-catalunya-sabadell\/wp-json\/wp\/v2\/tags?post=2586"}],"curies":[{"name":"wp","href":"https:\/\/api.w.org\/{rel}","templated":true}]}}