{"id":2579,"date":"2019-02-20T14:54:04","date_gmt":"2019-02-20T13:54:04","guid":{"rendered":"http:\/\/agora.xtec.cat\/ceip-catalunya-sabadell\/?p=2579"},"modified":"2019-02-20T14:55:01","modified_gmt":"2019-02-20T13:55:01","slug":"recaptacio-de-materials-per-a-la-lliga-protectora-danimals-de-sabadell","status":"publish","type":"post","link":"https:\/\/agora.xtec.cat\/ceip-catalunya-sabadell\/portada\/recaptacio-de-materials-per-a-la-lliga-protectora-danimals-de-sabadell\/","title":{"rendered":"Recaptaci\u00f3 de materials per a La Lliga Protectora d&#8217;Animals de Sabadell"},"content":{"rendered":"<p>Benvolgudes fam\u00edlies,<\/p>\n<p>divendres 15 de febrer les persones volunt\u00e0ries de La Lliga Protectora d&#8217;Animals de Sabadell van venir a a recollir totes les donacions que s&#8217;han fet a l&#8217;escola durant dues setmanes.<\/p>\n<p>Des de la nostra p\u00e0gina web us fem extensiu l&#8217;agra\u00efment de l&#8217;associaci\u00f3.<\/p>\n<p>Continuem sumant entre tots i totes!!!<\/p>\n<p><a href=\"https:\/\/agora.xtec.cat\/ceip-catalunya-sabadell\/wp-content\/uploads\/usu823\/2019\/02\/resized_IMG-0827.jpg\"><img loading=\"lazy\" decoding=\"async\" class=\"size-medium wp-image-2580 aligncenter\" src=\"https:\/\/agora.xtec.cat\/ceip-catalunya-sabadell\/wp-content\/uploads\/usu823\/2019\/02\/resized_IMG-0827-300x225.jpg\" alt=\"\" width=\"300\" height=\"225\" srcset=\"https:\/\/agora.xtec.cat\/ceip-catalunya-sabadell\/wp-content\/uploads\/usu823\/2019\/02\/resized_IMG-0827-300x225.jpg 300w, https:\/\/agora.xtec.cat\/ceip-catalunya-sabadell\/wp-content\/uploads\/usu823\/2019\/02\/resized_IMG-0827-768x576.jpg 768w, https:\/\/agora.xtec.cat\/ceip-catalunya-sabadell\/wp-content\/uploads\/usu823\/2019\/02\/resized_IMG-0827-1024x768.jpg 1024w, https:\/\/agora.xtec.cat\/ceip-catalunya-sabadell\/wp-content\/uploads\/usu823\/2019\/02\/resized_IMG-0827-200x150.jpg 200w, https:\/\/agora.xtec.cat\/ceip-catalunya-sabadell\/wp-content\/uploads\/usu823\/2019\/02\/resized_IMG-0827.jpg 1935w\" sizes=\"auto, (max-width: 300px) 100vw, 300px\" \/><\/a><\/p>\n","protected":false},"excerpt":{"rendered":"<p>Benvolgudes fam\u00edlies,<br \/>\ndivendres 15 de febrer les persones volunt\u00e0ries de La Lliga Protectora d&#8217;Animals de Sabadell van venir a a recollir totes les donacions que s&#8217;han fet a l&#8217;escola durant dues setmanes.<br \/>\nDes de la nostra p\u00e0gina web us fem extensiu l&#8217;agra\u00efment de l&#8217;associaci\u00f3.<br \/>\nContinuem sumant entre tots&hellip;  <a href=\"https:\/\/agora.xtec.cat\/ceip-catalunya-sabadell\/portada\/recaptacio-de-materials-per-a-la-lliga-protectora-danimals-de-sabadell\/\" title=\"Read Recaptaci\u00f3 de materials per a La Lliga Protectora d&#8217;Animals de Sabadell\">Llegeix m\u00e9s\u00bb<\/a><\/p>\n","protected":false},"author":22,"featured_media":2580,"comment_status":"open","ping_status":"closed","sticky":false,"template":"","format":"standard","meta":{"_bbp_topic_count":0,"_bbp_reply_count":0,"_bbp_total_topic_count":0,"_bbp_total_reply_count":0,"_bbp_voice_count":0,"_bbp_anonymous_reply_count":0,"_bbp_topic_count_hidden":0,"_bbp_reply_count_hidden":0,"_bbp_forum_subforum_count":0,"footnotes":""},"categories":[4],"tags":[],"class_list":["post-2579","post","type-post","status-publish","format-standard","has-post-thumbnail","hentry","category-portada"],"post_mailing_queue_ids":[],"_links":{"self":[{"href":"https:\/\/agora.xtec.cat\/ceip-catalunya-sabadell\/wp-json\/wp\/v2\/posts\/2579","targetHints":{"allow":["GET"]}}],"collection":[{"href":"https:\/\/agora.xtec.cat\/ceip-catalunya-sabadell\/wp-json\/wp\/v2\/posts"}],"about":[{"href":"https:\/\/agora.xtec.cat\/ceip-catalunya-sabadell\/wp-json\/wp\/v2\/types\/post"}],"author":[{"embeddable":true,"href":"https:\/\/agora.xtec.cat\/ceip-catalunya-sabadell\/wp-json\/wp\/v2\/users\/22"}],"replies":[{"embeddable":true,"href":"https:\/\/agora.xtec.cat\/ceip-catalunya-sabadell\/wp-json\/wp\/v2\/comments?post=2579"}],"version-history":[{"count":3,"href":"https:\/\/agora.xtec.cat\/ceip-catalunya-sabadell\/wp-json\/wp\/v2\/posts\/2579\/revisions"}],"predecessor-version":[{"id":2582,"href":"https:\/\/agora.xtec.cat\/ceip-catalunya-sabadell\/wp-json\/wp\/v2\/posts\/2579\/revisions\/2582"}],"wp:featuredmedia":[{"embeddable":true,"href":"https:\/\/agora.xtec.cat\/ceip-catalunya-sabadell\/wp-json\/wp\/v2\/media\/2580"}],"wp:attachment":[{"href":"https:\/\/agora.xtec.cat\/ceip-catalunya-sabadell\/wp-json\/wp\/v2\/media?parent=2579"}],"wp:term":[{"taxonomy":"category","embeddable":true,"href":"https:\/\/agora.xtec.cat\/ceip-catalunya-sabadell\/wp-json\/wp\/v2\/categories?post=2579"},{"taxonomy":"post_tag","embeddable":true,"href":"https:\/\/agora.xtec.cat\/ceip-catalunya-sabadell\/wp-json\/wp\/v2\/tags?post=2579"}],"curies":[{"name":"wp","href":"https:\/\/api.w.org\/{rel}","templated":true}]}}