{"id":2572,"date":"2019-02-19T07:33:11","date_gmt":"2019-02-19T06:33:11","guid":{"rendered":"http:\/\/agora.xtec.cat\/ceip-catalunya-sabadell\/?p=2572"},"modified":"2019-02-19T07:33:11","modified_gmt":"2019-02-19T06:33:11","slug":"primera-videoconferencia-en-angles","status":"publish","type":"post","link":"https:\/\/agora.xtec.cat\/ceip-catalunya-sabadell\/portada\/primera-videoconferencia-en-angles\/","title":{"rendered":"Primera videoconfer\u00e8ncia en angl\u00e8s"},"content":{"rendered":"<p>Benvolgudes fam\u00edlies,<\/p>\n<p>El projecte Etwinning amb els nostres companys europeus va agafant forma. Ja tenim el logo del nostre blog i, aquestes setmanes, estem fent videoconfer\u00e8ncies entre nosaltres per con\u00e8ixe&#8217;ns.<\/p>\n<p>Al grup de Ratpenats i Cocodrils els ha tocat fer la presentaci\u00f3 amb els alumnes grecs de l&#8217;escola\u00a0<em>12th Elementary School of Zografou<\/em> d&#8217;Atenens.<\/p>\n<p>Ens hem presentat en angl\u00e8s i fins i tot ens hem intercanviat algunes preguntes com quin temps feia als respectius pa\u00efsos, com es diu hola en grec o el nom de la nostra classe.<\/p>\n<p>El grup dels Ratpenats han pogut intercanviar unes can\u00e7ons en grec i catal\u00e0, respectivament, i ens han mostrat uns dibuixos que ens han fet per nosaltres.<\/p>\n<p>Ens ha agradat molt fer aquesta trobada. Ara nom\u00e9s queda comen\u00e7ar a estudiar i aprendre coses sobre un pintor catal\u00e0 per intercanviar coneixements amb els nostres companys.<\/p>\n<p>En el seg\u00fcent blog podreu anar veient el que anem fent entre els diferents pa\u00efsos:<\/p>\n<p><a href=\"https:\/\/twinspace.etwinning.net\/74524\/home\" target=\"_blank\" rel=\"noopener\">Painters inspire us! Etwinning blog<\/a><\/p>\n<p><a href=\"https:\/\/agora.xtec.cat\/ceip-catalunya-sabadell\/wp-content\/uploads\/usu823\/2019\/02\/20190213_094809.jpg\"><img loading=\"lazy\" decoding=\"async\" class=\"alignnone size-medium wp-image-2573\" src=\"https:\/\/agora.xtec.cat\/ceip-catalunya-sabadell\/wp-content\/uploads\/usu823\/2019\/02\/20190213_094809-300x169.jpg\" alt=\"\" width=\"300\" height=\"169\" srcset=\"https:\/\/agora.xtec.cat\/ceip-catalunya-sabadell\/wp-content\/uploads\/usu823\/2019\/02\/20190213_094809-300x169.jpg 300w, https:\/\/agora.xtec.cat\/ceip-catalunya-sabadell\/wp-content\/uploads\/usu823\/2019\/02\/20190213_094809-768x432.jpg 768w, https:\/\/agora.xtec.cat\/ceip-catalunya-sabadell\/wp-content\/uploads\/usu823\/2019\/02\/20190213_094809-1024x576.jpg 1024w\" sizes=\"auto, (max-width: 300px) 100vw, 300px\" \/><\/a><a href=\"https:\/\/agora.xtec.cat\/ceip-catalunya-sabadell\/wp-content\/uploads\/usu823\/2019\/02\/20190218_113809.jpg\"><img loading=\"lazy\" decoding=\"async\" class=\"alignnone size-medium wp-image-2574\" src=\"https:\/\/agora.xtec.cat\/ceip-catalunya-sabadell\/wp-content\/uploads\/usu823\/2019\/02\/20190218_113809-300x169.jpg\" alt=\"\" width=\"300\" height=\"169\" srcset=\"https:\/\/agora.xtec.cat\/ceip-catalunya-sabadell\/wp-content\/uploads\/usu823\/2019\/02\/20190218_113809-300x169.jpg 300w, https:\/\/agora.xtec.cat\/ceip-catalunya-sabadell\/wp-content\/uploads\/usu823\/2019\/02\/20190218_113809-768x432.jpg 768w, https:\/\/agora.xtec.cat\/ceip-catalunya-sabadell\/wp-content\/uploads\/usu823\/2019\/02\/20190218_113809-1024x576.jpg 1024w\" sizes=\"auto, (max-width: 300px) 100vw, 300px\" \/><\/a><\/p>\n<p><a href=\"https:\/\/agora.xtec.cat\/ceip-catalunya-sabadell\/wp-content\/uploads\/usu823\/2019\/02\/20190218_115036.jpg\"><img loading=\"lazy\" decoding=\"async\" class=\"alignnone size-medium wp-image-2575\" src=\"https:\/\/agora.xtec.cat\/ceip-catalunya-sabadell\/wp-content\/uploads\/usu823\/2019\/02\/20190218_115036-300x169.jpg\" alt=\"\" width=\"300\" height=\"169\" srcset=\"https:\/\/agora.xtec.cat\/ceip-catalunya-sabadell\/wp-content\/uploads\/usu823\/2019\/02\/20190218_115036-300x169.jpg 300w, https:\/\/agora.xtec.cat\/ceip-catalunya-sabadell\/wp-content\/uploads\/usu823\/2019\/02\/20190218_115036-768x432.jpg 768w, https:\/\/agora.xtec.cat\/ceip-catalunya-sabadell\/wp-content\/uploads\/usu823\/2019\/02\/20190218_115036-1024x576.jpg 1024w\" sizes=\"auto, (max-width: 300px) 100vw, 300px\" \/><\/a><\/p>\n","protected":false},"excerpt":{"rendered":"<p>Benvolgudes fam\u00edlies,<br \/>\nEl projecte Etwinning amb els nostres companys europeus va agafant forma. Ja tenim el logo del nostre blog i, aquestes setmanes, estem fent videoconfer\u00e8ncies entre nosaltres per con\u00e8ixe&#8217;ns.<br \/>\nAl grup de Ratpenats i Cocodrils els ha tocat fer la presentaci\u00f3 amb els alumnes grecs de&hellip;  <a href=\"https:\/\/agora.xtec.cat\/ceip-catalunya-sabadell\/portada\/primera-videoconferencia-en-angles\/\" title=\"Read Primera videoconfer\u00e8ncia en angl\u00e8s\">Llegeix m\u00e9s\u00bb<\/a><\/p>\n","protected":false},"author":27,"featured_media":2574,"comment_status":"open","ping_status":"closed","sticky":false,"template":"","format":"standard","meta":{"_bbp_topic_count":0,"_bbp_reply_count":0,"_bbp_total_topic_count":0,"_bbp_total_reply_count":0,"_bbp_voice_count":0,"_bbp_anonymous_reply_count":0,"_bbp_topic_count_hidden":0,"_bbp_reply_count_hidden":0,"_bbp_forum_subforum_count":0,"footnotes":""},"categories":[40,41,4],"tags":[],"class_list":["post-2572","post","type-post","status-publish","format-standard","has-post-thumbnail","hentry","category-artscrafts","category-english","category-portada"],"post_mailing_queue_ids":[],"_links":{"self":[{"href":"https:\/\/agora.xtec.cat\/ceip-catalunya-sabadell\/wp-json\/wp\/v2\/posts\/2572","targetHints":{"allow":["GET"]}}],"collection":[{"href":"https:\/\/agora.xtec.cat\/ceip-catalunya-sabadell\/wp-json\/wp\/v2\/posts"}],"about":[{"href":"https:\/\/agora.xtec.cat\/ceip-catalunya-sabadell\/wp-json\/wp\/v2\/types\/post"}],"author":[{"embeddable":true,"href":"https:\/\/agora.xtec.cat\/ceip-catalunya-sabadell\/wp-json\/wp\/v2\/users\/27"}],"replies":[{"embeddable":true,"href":"https:\/\/agora.xtec.cat\/ceip-catalunya-sabadell\/wp-json\/wp\/v2\/comments?post=2572"}],"version-history":[{"count":1,"href":"https:\/\/agora.xtec.cat\/ceip-catalunya-sabadell\/wp-json\/wp\/v2\/posts\/2572\/revisions"}],"predecessor-version":[{"id":2576,"href":"https:\/\/agora.xtec.cat\/ceip-catalunya-sabadell\/wp-json\/wp\/v2\/posts\/2572\/revisions\/2576"}],"wp:featuredmedia":[{"embeddable":true,"href":"https:\/\/agora.xtec.cat\/ceip-catalunya-sabadell\/wp-json\/wp\/v2\/media\/2574"}],"wp:attachment":[{"href":"https:\/\/agora.xtec.cat\/ceip-catalunya-sabadell\/wp-json\/wp\/v2\/media?parent=2572"}],"wp:term":[{"taxonomy":"category","embeddable":true,"href":"https:\/\/agora.xtec.cat\/ceip-catalunya-sabadell\/wp-json\/wp\/v2\/categories?post=2572"},{"taxonomy":"post_tag","embeddable":true,"href":"https:\/\/agora.xtec.cat\/ceip-catalunya-sabadell\/wp-json\/wp\/v2\/tags?post=2572"}],"curies":[{"name":"wp","href":"https:\/\/api.w.org\/{rel}","templated":true}]}}