{"id":2565,"date":"2019-02-04T10:16:44","date_gmt":"2019-02-04T09:16:44","guid":{"rendered":"http:\/\/agora.xtec.cat\/ceip-catalunya-sabadell\/?p=2565"},"modified":"2019-02-04T10:16:55","modified_gmt":"2019-02-04T09:16:55","slug":"portes-obertes-2019","status":"publish","type":"post","link":"https:\/\/agora.xtec.cat\/ceip-catalunya-sabadell\/general\/portes-obertes-2019\/","title":{"rendered":"PORTES OBERTES 2019"},"content":{"rendered":"<p>Les dates de portes obertes s\u00f3n el proper <strong>dilluns 11 de mar\u00e7 de 9.30 a 11h<\/strong> i el <strong>dijous 14 de mar\u00e7 de 15.15 a 16.45h.<\/strong><\/p>\n<p>Podeu trucar a l&#8217;escola al n\u00famero de tel\u00e8fon <strong>937269392<\/strong> per reservar.<\/p>\n<p>Us hi esperem!<\/p>\n","protected":false},"excerpt":{"rendered":"<p>Les dates de portes obertes s\u00f3n el proper dilluns 11 de mar\u00e7 de 9.30 a 11h i el dijous 14 de mar\u00e7 de 15.15 a 16.45h.<br \/>\nPodeu trucar a l&#8217;escola al n\u00famero de tel\u00e8fon 937269392 per reservar.<br \/>\nUs hi esperem!<\/p>\n","protected":false},"author":3,"featured_media":0,"comment_status":"open","ping_status":"closed","sticky":false,"template":"","format":"standard","meta":{"_bbp_topic_count":0,"_bbp_reply_count":0,"_bbp_total_topic_count":0,"_bbp_total_reply_count":0,"_bbp_voice_count":0,"_bbp_anonymous_reply_count":0,"_bbp_topic_count_hidden":0,"_bbp_reply_count_hidden":0,"_bbp_forum_subforum_count":0,"footnotes":""},"categories":[1,4],"tags":[],"class_list":["post-2565","post","type-post","status-publish","format-standard","hentry","category-general","category-portada"],"post_mailing_queue_ids":[],"_links":{"self":[{"href":"https:\/\/agora.xtec.cat\/ceip-catalunya-sabadell\/wp-json\/wp\/v2\/posts\/2565","targetHints":{"allow":["GET"]}}],"collection":[{"href":"https:\/\/agora.xtec.cat\/ceip-catalunya-sabadell\/wp-json\/wp\/v2\/posts"}],"about":[{"href":"https:\/\/agora.xtec.cat\/ceip-catalunya-sabadell\/wp-json\/wp\/v2\/types\/post"}],"author":[{"embeddable":true,"href":"https:\/\/agora.xtec.cat\/ceip-catalunya-sabadell\/wp-json\/wp\/v2\/users\/3"}],"replies":[{"embeddable":true,"href":"https:\/\/agora.xtec.cat\/ceip-catalunya-sabadell\/wp-json\/wp\/v2\/comments?post=2565"}],"version-history":[{"count":1,"href":"https:\/\/agora.xtec.cat\/ceip-catalunya-sabadell\/wp-json\/wp\/v2\/posts\/2565\/revisions"}],"predecessor-version":[{"id":2566,"href":"https:\/\/agora.xtec.cat\/ceip-catalunya-sabadell\/wp-json\/wp\/v2\/posts\/2565\/revisions\/2566"}],"wp:attachment":[{"href":"https:\/\/agora.xtec.cat\/ceip-catalunya-sabadell\/wp-json\/wp\/v2\/media?parent=2565"}],"wp:term":[{"taxonomy":"category","embeddable":true,"href":"https:\/\/agora.xtec.cat\/ceip-catalunya-sabadell\/wp-json\/wp\/v2\/categories?post=2565"},{"taxonomy":"post_tag","embeddable":true,"href":"https:\/\/agora.xtec.cat\/ceip-catalunya-sabadell\/wp-json\/wp\/v2\/tags?post=2565"}],"curies":[{"name":"wp","href":"https:\/\/api.w.org\/{rel}","templated":true}]}}