{"id":2559,"date":"2019-01-31T17:37:45","date_gmt":"2019-01-31T16:37:45","guid":{"rendered":"http:\/\/agora.xtec.cat\/ceip-catalunya-sabadell\/?p=2559"},"modified":"2019-01-31T17:39:46","modified_gmt":"2019-01-31T16:39:46","slug":"practiques-de-la-universitat-autonoma-de-barcelona-uab","status":"publish","type":"post","link":"https:\/\/agora.xtec.cat\/ceip-catalunya-sabadell\/general\/practiques-de-la-universitat-autonoma-de-barcelona-uab\/","title":{"rendered":"Pr\u00e0ctiques de la Universitat Aut\u00f2noma de Barcelona (UAB)"},"content":{"rendered":"<p>Aquest divendres dia 1 de febrer finalitzen la seva estada de pr\u00e0ctiques les alumnes de la Universitat Aut\u00f2noma de Barcelona (UAB). Durant dues setmanes les hem tingut a l&#8217;escola, ja que som centre\u00a0 formador autoritzat pel Departament d&#8217;Ensenyament. Els cursos on han estat ubicades les estudiants han estat: P5A, P5B, 1rA, 1rB, 3rA, 3rB, 5\u00e8A, 5\u00e8B, 6\u00e8A i 6\u00e8B. Esperem que la vostra estada a la nostra escola hagi esta enriquidora!<\/p>\n<p><a href=\"https:\/\/photos.app.goo.gl\/taQ3cVAW2iWQsoYp7\"><img loading=\"lazy\" decoding=\"async\" class=\"size-medium wp-image-2560 aligncenter\" src=\"https:\/\/agora.xtec.cat\/ceip-catalunya-sabadell\/wp-content\/uploads\/usu823\/2019\/01\/resized_IMG_0679-300x225.jpg\" alt=\"\" width=\"300\" height=\"225\" srcset=\"https:\/\/agora.xtec.cat\/ceip-catalunya-sabadell\/wp-content\/uploads\/usu823\/2019\/01\/resized_IMG_0679-300x225.jpg 300w, https:\/\/agora.xtec.cat\/ceip-catalunya-sabadell\/wp-content\/uploads\/usu823\/2019\/01\/resized_IMG_0679-768x576.jpg 768w, https:\/\/agora.xtec.cat\/ceip-catalunya-sabadell\/wp-content\/uploads\/usu823\/2019\/01\/resized_IMG_0679-1024x768.jpg 1024w, https:\/\/agora.xtec.cat\/ceip-catalunya-sabadell\/wp-content\/uploads\/usu823\/2019\/01\/resized_IMG_0679-200x150.jpg 200w, https:\/\/agora.xtec.cat\/ceip-catalunya-sabadell\/wp-content\/uploads\/usu823\/2019\/01\/resized_IMG_0679.jpg 1935w\" sizes=\"auto, (max-width: 300px) 100vw, 300px\" \/><\/a><\/p>\n","protected":false},"excerpt":{"rendered":"<p>Aquest divendres dia 1 de febrer finalitzen la seva estada de pr\u00e0ctiques les alumnes de la Universitat Aut\u00f2noma de Barcelona (UAB). Durant dues setmanes les hem tingut a l&#8217;escola, ja que som centre\u00a0 formador autoritzat pel Departament d&#8217;Ensenyament. Els cursos on han estat ubicades les&hellip;  <a href=\"https:\/\/agora.xtec.cat\/ceip-catalunya-sabadell\/general\/practiques-de-la-universitat-autonoma-de-barcelona-uab\/\" title=\"Read Pr\u00e0ctiques de la Universitat Aut\u00f2noma de Barcelona (UAB)\">Llegeix m\u00e9s\u00bb<\/a><\/p>\n","protected":false},"author":22,"featured_media":2560,"comment_status":"open","ping_status":"closed","sticky":false,"template":"","format":"standard","meta":{"_bbp_topic_count":0,"_bbp_reply_count":0,"_bbp_total_topic_count":0,"_bbp_total_reply_count":0,"_bbp_voice_count":0,"_bbp_anonymous_reply_count":0,"_bbp_topic_count_hidden":0,"_bbp_reply_count_hidden":0,"_bbp_forum_subforum_count":0,"footnotes":""},"categories":[1,4],"tags":[],"class_list":["post-2559","post","type-post","status-publish","format-standard","has-post-thumbnail","hentry","category-general","category-portada"],"post_mailing_queue_ids":[],"_links":{"self":[{"href":"https:\/\/agora.xtec.cat\/ceip-catalunya-sabadell\/wp-json\/wp\/v2\/posts\/2559","targetHints":{"allow":["GET"]}}],"collection":[{"href":"https:\/\/agora.xtec.cat\/ceip-catalunya-sabadell\/wp-json\/wp\/v2\/posts"}],"about":[{"href":"https:\/\/agora.xtec.cat\/ceip-catalunya-sabadell\/wp-json\/wp\/v2\/types\/post"}],"author":[{"embeddable":true,"href":"https:\/\/agora.xtec.cat\/ceip-catalunya-sabadell\/wp-json\/wp\/v2\/users\/22"}],"replies":[{"embeddable":true,"href":"https:\/\/agora.xtec.cat\/ceip-catalunya-sabadell\/wp-json\/wp\/v2\/comments?post=2559"}],"version-history":[{"count":3,"href":"https:\/\/agora.xtec.cat\/ceip-catalunya-sabadell\/wp-json\/wp\/v2\/posts\/2559\/revisions"}],"predecessor-version":[{"id":2562,"href":"https:\/\/agora.xtec.cat\/ceip-catalunya-sabadell\/wp-json\/wp\/v2\/posts\/2559\/revisions\/2562"}],"wp:featuredmedia":[{"embeddable":true,"href":"https:\/\/agora.xtec.cat\/ceip-catalunya-sabadell\/wp-json\/wp\/v2\/media\/2560"}],"wp:attachment":[{"href":"https:\/\/agora.xtec.cat\/ceip-catalunya-sabadell\/wp-json\/wp\/v2\/media?parent=2559"}],"wp:term":[{"taxonomy":"category","embeddable":true,"href":"https:\/\/agora.xtec.cat\/ceip-catalunya-sabadell\/wp-json\/wp\/v2\/categories?post=2559"},{"taxonomy":"post_tag","embeddable":true,"href":"https:\/\/agora.xtec.cat\/ceip-catalunya-sabadell\/wp-json\/wp\/v2\/tags?post=2559"}],"curies":[{"name":"wp","href":"https:\/\/api.w.org\/{rel}","templated":true}]}}