{"id":2520,"date":"2019-01-09T12:48:28","date_gmt":"2019-01-09T11:48:28","guid":{"rendered":"http:\/\/agora.xtec.cat\/ceip-catalunya-sabadell\/?p=2520"},"modified":"2019-11-13T10:09:51","modified_gmt":"2019-11-13T09:09:51","slug":"joguines-noves","status":"publish","type":"post","link":"https:\/\/agora.xtec.cat\/ceip-catalunya-sabadell\/infantil\/joguines-noves\/","title":{"rendered":"JOGUINES NOVES!!!"},"content":{"rendered":"<p>Bon dia fam\u00edlies! Qu\u00e8 tal les vacances de Nadal? Aqu\u00ed a l&#8217;escola tot i que estava tancada, els Reis d&#8217;Orient ens han deixat uns quants regalets per les classes dels \u00d3ssos i els Esquirols! Hem estat molt contents i contentes i ens han agradat molt les joguines noves! Aqu\u00ed teniu l&#8217;enlla\u00e7 amb un recull de fotos!!<\/p>\n<p><a href=\"https:\/\/photos.app.goo.gl\/dnjArFS7jfSGCP9G7\"><img loading=\"lazy\" decoding=\"async\" class=\"alignnone size-large wp-image-2522\" src=\"https:\/\/agora.xtec.cat\/ceip-catalunya-sabadell\/wp-content\/uploads\/usu823\/2019\/01\/resized_IMG_20190108_083803-1024x768.jpg\" alt=\"\" width=\"1024\" height=\"768\" srcset=\"https:\/\/agora.xtec.cat\/ceip-catalunya-sabadell\/wp-content\/uploads\/usu823\/2019\/01\/resized_IMG_20190108_083803-1024x768.jpg 1024w, https:\/\/agora.xtec.cat\/ceip-catalunya-sabadell\/wp-content\/uploads\/usu823\/2019\/01\/resized_IMG_20190108_083803-300x225.jpg 300w, https:\/\/agora.xtec.cat\/ceip-catalunya-sabadell\/wp-content\/uploads\/usu823\/2019\/01\/resized_IMG_20190108_083803-768x576.jpg 768w, https:\/\/agora.xtec.cat\/ceip-catalunya-sabadell\/wp-content\/uploads\/usu823\/2019\/01\/resized_IMG_20190108_083803-200x150.jpg 200w, https:\/\/agora.xtec.cat\/ceip-catalunya-sabadell\/wp-content\/uploads\/usu823\/2019\/01\/resized_IMG_20190108_083803.jpg 1904w\" sizes=\"auto, (max-width: 1024px) 100vw, 1024px\" \/><\/a><\/p>\n<p>Fins aviat!<\/p>\n","protected":false},"excerpt":{"rendered":"<p>Bon dia fam\u00edlies! Qu\u00e8 tal les vacances de Nadal? Aqu\u00ed a l&#8217;escola tot i que estava tancada, els Reis d&#8217;Orient ens han deixat uns quants regalets per les classes dels \u00d3ssos i els Esquirols! Hem estat molt contents i contentes i ens han agradat molt&hellip;  <a href=\"https:\/\/agora.xtec.cat\/ceip-catalunya-sabadell\/infantil\/joguines-noves\/\" title=\"Read JOGUINES NOVES!!!\">Llegeix m\u00e9s\u00bb<\/a><\/p>\n","protected":false},"author":40,"featured_media":0,"comment_status":"open","ping_status":"closed","sticky":false,"template":"","format":"standard","meta":{"_bbp_topic_count":0,"_bbp_reply_count":0,"_bbp_total_topic_count":0,"_bbp_total_reply_count":0,"_bbp_voice_count":0,"_bbp_anonymous_reply_count":0,"_bbp_topic_count_hidden":0,"_bbp_reply_count_hidden":0,"_bbp_forum_subforum_count":0,"footnotes":""},"categories":[119,2],"tags":[],"class_list":["post-2520","post","type-post","status-publish","format-standard","hentry","category-promocio-18-27","category-infantil"],"post_mailing_queue_ids":[],"_links":{"self":[{"href":"https:\/\/agora.xtec.cat\/ceip-catalunya-sabadell\/wp-json\/wp\/v2\/posts\/2520","targetHints":{"allow":["GET"]}}],"collection":[{"href":"https:\/\/agora.xtec.cat\/ceip-catalunya-sabadell\/wp-json\/wp\/v2\/posts"}],"about":[{"href":"https:\/\/agora.xtec.cat\/ceip-catalunya-sabadell\/wp-json\/wp\/v2\/types\/post"}],"author":[{"embeddable":true,"href":"https:\/\/agora.xtec.cat\/ceip-catalunya-sabadell\/wp-json\/wp\/v2\/users\/40"}],"replies":[{"embeddable":true,"href":"https:\/\/agora.xtec.cat\/ceip-catalunya-sabadell\/wp-json\/wp\/v2\/comments?post=2520"}],"version-history":[{"count":3,"href":"https:\/\/agora.xtec.cat\/ceip-catalunya-sabadell\/wp-json\/wp\/v2\/posts\/2520\/revisions"}],"predecessor-version":[{"id":2525,"href":"https:\/\/agora.xtec.cat\/ceip-catalunya-sabadell\/wp-json\/wp\/v2\/posts\/2520\/revisions\/2525"}],"wp:attachment":[{"href":"https:\/\/agora.xtec.cat\/ceip-catalunya-sabadell\/wp-json\/wp\/v2\/media?parent=2520"}],"wp:term":[{"taxonomy":"category","embeddable":true,"href":"https:\/\/agora.xtec.cat\/ceip-catalunya-sabadell\/wp-json\/wp\/v2\/categories?post=2520"},{"taxonomy":"post_tag","embeddable":true,"href":"https:\/\/agora.xtec.cat\/ceip-catalunya-sabadell\/wp-json\/wp\/v2\/tags?post=2520"}],"curies":[{"name":"wp","href":"https:\/\/api.w.org\/{rel}","templated":true}]}}