{"id":2513,"date":"2019-01-09T11:34:58","date_gmt":"2019-01-09T10:34:58","guid":{"rendered":"http:\/\/agora.xtec.cat\/ceip-catalunya-sabadell\/?p=2513"},"modified":"2019-01-09T11:42:36","modified_gmt":"2019-01-09T10:42:36","slug":"construint-ciutat","status":"publish","type":"post","link":"https:\/\/agora.xtec.cat\/ceip-catalunya-sabadell\/general\/construint-ciutat\/","title":{"rendered":"CONSTRUINT CIUTAT"},"content":{"rendered":"<p>Benvolgudes fam\u00edlies,<\/p>\n<p>dimarts dia 8 de gener va tenir lloc a la Casa Duran\u00a0 la presentaci\u00f3 del projecte de l&#8217;ajuntament CONSTRUINT CIUTAT, que amb una dotaci\u00f3 d&#8217;un mili\u00f3 d&#8217;euros donar\u00e0 suport als projectes presentats per diferents entitats i associacions de Sabadell. Des de l&#8217;AMPA de la nostra escola s&#8217;ha presentat la proposta: POSEM A PUNT L&#8217;ESCOLA CATALUNYA, amb un pressupost demanat de 100.000 euros. Us deixem una petita mostra de l&#8217;acte i l&#8217;enlla\u00e7 per poder votar els projectes; per\u00f2 tamb\u00e9 podeu votar en els centres c\u00edvics (nom\u00e9s portant el vostre DNI) o a la nostra escola el dilluns, dimecres i divendres (14,16 i 17 de gener) de 15 a 17h.<\/p>\n<p>Enlla\u00e7 per votar online:\u00a0<a href=\"https:\/\/decidim.sabadell.cat\/?locale=ca\">https:\/\/decidim.sabadell.cat\/?locale=ca<\/a><\/p>\n<p><a href=\"https:\/\/photos.app.goo.gl\/vLyAQ9BKy5UhNNCr5\"><img loading=\"lazy\" decoding=\"async\" class=\"alignnone wp-image-2526\" src=\"https:\/\/agora.xtec.cat\/ceip-catalunya-sabadell\/wp-content\/uploads\/usu823\/2019\/01\/IMG_0470-1-225x300.jpg\" alt=\"\" width=\"384\" height=\"512\" srcset=\"https:\/\/agora.xtec.cat\/ceip-catalunya-sabadell\/wp-content\/uploads\/usu823\/2019\/01\/IMG_0470-1-225x300.jpg 225w, https:\/\/agora.xtec.cat\/ceip-catalunya-sabadell\/wp-content\/uploads\/usu823\/2019\/01\/IMG_0470-1-768x1024.jpg 768w\" sizes=\"auto, (max-width: 384px) 100vw, 384px\" \/><\/a><\/p>\n<p>&nbsp;<\/p>\n","protected":false},"excerpt":{"rendered":"<p>Benvolgudes fam\u00edlies,<br \/>\ndimarts dia 8 de gener va tenir lloc a la Casa Duran\u00a0 la presentaci\u00f3 del projecte de l&#8217;ajuntament CONSTRUINT CIUTAT, que amb una dotaci\u00f3 d&#8217;un mili\u00f3 d&#8217;euros donar\u00e0 suport als projectes presentats per diferents entitats i associacions de Sabadell. Des de l&#8217;AMPA de la&hellip;  <a href=\"https:\/\/agora.xtec.cat\/ceip-catalunya-sabadell\/general\/construint-ciutat\/\" title=\"Read CONSTRUINT CIUTAT\">Llegeix m\u00e9s\u00bb<\/a><\/p>\n","protected":false},"author":22,"featured_media":2526,"comment_status":"open","ping_status":"closed","sticky":false,"template":"","format":"standard","meta":{"_bbp_topic_count":0,"_bbp_reply_count":0,"_bbp_total_topic_count":0,"_bbp_total_reply_count":0,"_bbp_voice_count":0,"_bbp_anonymous_reply_count":0,"_bbp_topic_count_hidden":0,"_bbp_reply_count_hidden":0,"_bbp_forum_subforum_count":0,"footnotes":""},"categories":[1,4],"tags":[],"class_list":["post-2513","post","type-post","status-publish","format-standard","has-post-thumbnail","hentry","category-general","category-portada"],"post_mailing_queue_ids":[],"_links":{"self":[{"href":"https:\/\/agora.xtec.cat\/ceip-catalunya-sabadell\/wp-json\/wp\/v2\/posts\/2513","targetHints":{"allow":["GET"]}}],"collection":[{"href":"https:\/\/agora.xtec.cat\/ceip-catalunya-sabadell\/wp-json\/wp\/v2\/posts"}],"about":[{"href":"https:\/\/agora.xtec.cat\/ceip-catalunya-sabadell\/wp-json\/wp\/v2\/types\/post"}],"author":[{"embeddable":true,"href":"https:\/\/agora.xtec.cat\/ceip-catalunya-sabadell\/wp-json\/wp\/v2\/users\/22"}],"replies":[{"embeddable":true,"href":"https:\/\/agora.xtec.cat\/ceip-catalunya-sabadell\/wp-json\/wp\/v2\/comments?post=2513"}],"version-history":[{"count":2,"href":"https:\/\/agora.xtec.cat\/ceip-catalunya-sabadell\/wp-json\/wp\/v2\/posts\/2513\/revisions"}],"predecessor-version":[{"id":2527,"href":"https:\/\/agora.xtec.cat\/ceip-catalunya-sabadell\/wp-json\/wp\/v2\/posts\/2513\/revisions\/2527"}],"wp:featuredmedia":[{"embeddable":true,"href":"https:\/\/agora.xtec.cat\/ceip-catalunya-sabadell\/wp-json\/wp\/v2\/media\/2526"}],"wp:attachment":[{"href":"https:\/\/agora.xtec.cat\/ceip-catalunya-sabadell\/wp-json\/wp\/v2\/media?parent=2513"}],"wp:term":[{"taxonomy":"category","embeddable":true,"href":"https:\/\/agora.xtec.cat\/ceip-catalunya-sabadell\/wp-json\/wp\/v2\/categories?post=2513"},{"taxonomy":"post_tag","embeddable":true,"href":"https:\/\/agora.xtec.cat\/ceip-catalunya-sabadell\/wp-json\/wp\/v2\/tags?post=2513"}],"curies":[{"name":"wp","href":"https:\/\/api.w.org\/{rel}","templated":true}]}}