{"id":2509,"date":"2019-01-09T07:42:39","date_gmt":"2019-01-09T06:42:39","guid":{"rendered":"http:\/\/agora.xtec.cat\/ceip-catalunya-sabadell\/?p=2509"},"modified":"2019-01-09T07:42:39","modified_gmt":"2019-01-09T06:42:39","slug":"sortida-al-bosc-de-la-salut","status":"publish","type":"post","link":"https:\/\/agora.xtec.cat\/ceip-catalunya-sabadell\/infantil\/sortida-al-bosc-de-la-salut\/","title":{"rendered":"SORTIDA AL BOSC DE LA SALUT"},"content":{"rendered":"<p><span style=\"color: #0000ff;\">GENER 2019<\/span><\/p>\n<p><span style=\"color: #000000;\">BON ANY FAM\u00cdLIA, DESPR\u00c9S D&#8217;AQUESTES FESTES DE NADAL, TORNEM A COMEN\u00c7AR UN NOU TRIMESTRE.<\/span><\/p>\n<p>AL MES DE DESEMBRE VAN REALITZAR UNA SORTIDA\u00a0 AL BOSC DE LA SALUT, PER TAL DE REFOR\u00c7AR EL TEMA QUE ESTAVEN TREBALLANT A L&#8217;ESCOLA: LA TARDOR, ELS ARBRES&#8230;<\/p>\n<p>SI CLIQUEU A SOBRE D&#8217;AQUEST ENLLA\u00c7 PODEU VEURE UNES FOTOS D&#8217;AQUESTA SORTIDA.<\/p>\n<p><a href=\"https:\/\/photos.app.goo.gl\/qfxgnbF5Gsaq9q3M9\">https:\/\/photos.app.goo.gl\/qfxgnbF5Gsaq9q3M9<\/a><\/p>\n<p><a href=\"https:\/\/agora.xtec.cat\/ceip-catalunya-sabadell\/wp-content\/uploads\/usu823\/2019\/01\/resized_20181214_102200.jpg\"><img loading=\"lazy\" decoding=\"async\" class=\"wp-image-2510 aligncenter\" src=\"https:\/\/agora.xtec.cat\/ceip-catalunya-sabadell\/wp-content\/uploads\/usu823\/2019\/01\/resized_20181214_102200-1024x614.jpg\" alt=\"\" width=\"698\" height=\"418\" srcset=\"https:\/\/agora.xtec.cat\/ceip-catalunya-sabadell\/wp-content\/uploads\/usu823\/2019\/01\/resized_20181214_102200-1024x614.jpg 1024w, https:\/\/agora.xtec.cat\/ceip-catalunya-sabadell\/wp-content\/uploads\/usu823\/2019\/01\/resized_20181214_102200-300x180.jpg 300w, https:\/\/agora.xtec.cat\/ceip-catalunya-sabadell\/wp-content\/uploads\/usu823\/2019\/01\/resized_20181214_102200-768x461.jpg 768w, https:\/\/agora.xtec.cat\/ceip-catalunya-sabadell\/wp-content\/uploads\/usu823\/2019\/01\/resized_20181214_102200.jpg 1280w\" sizes=\"auto, (max-width: 698px) 100vw, 698px\" \/><\/a><\/p>\n","protected":false},"excerpt":{"rendered":"<p>GENER 2019<br \/>\nBON ANY FAM\u00cdLIA, DESPR\u00c9S D&#8217;AQUESTES FESTES DE NADAL, TORNEM A COMEN\u00c7AR UN NOU TRIMESTRE.<br \/>\nAL MES DE DESEMBRE VAN REALITZAR UNA SORTIDA\u00a0 AL BOSC DE LA SALUT, PER TAL DE REFOR\u00c7AR EL TEMA QUE ESTAVEN TREBALLANT A L&#8217;ESCOLA: LA TARDOR, ELS ARBRES&#8230;<br \/>\nSI CLIQUEU A SOBRE&hellip;  <a href=\"https:\/\/agora.xtec.cat\/ceip-catalunya-sabadell\/infantil\/sortida-al-bosc-de-la-salut\/\" title=\"Read SORTIDA AL BOSC DE LA SALUT\">Llegeix m\u00e9s\u00bb<\/a><\/p>\n","protected":false},"author":3,"featured_media":1805,"comment_status":"open","ping_status":"closed","sticky":false,"template":"","format":"standard","meta":{"_bbp_topic_count":0,"_bbp_reply_count":0,"_bbp_total_topic_count":0,"_bbp_total_reply_count":0,"_bbp_voice_count":0,"_bbp_anonymous_reply_count":0,"_bbp_topic_count_hidden":0,"_bbp_reply_count_hidden":0,"_bbp_forum_subforum_count":0,"footnotes":""},"categories":[2],"tags":[],"class_list":["post-2509","post","type-post","status-publish","format-standard","has-post-thumbnail","hentry","category-infantil"],"post_mailing_queue_ids":[],"_links":{"self":[{"href":"https:\/\/agora.xtec.cat\/ceip-catalunya-sabadell\/wp-json\/wp\/v2\/posts\/2509","targetHints":{"allow":["GET"]}}],"collection":[{"href":"https:\/\/agora.xtec.cat\/ceip-catalunya-sabadell\/wp-json\/wp\/v2\/posts"}],"about":[{"href":"https:\/\/agora.xtec.cat\/ceip-catalunya-sabadell\/wp-json\/wp\/v2\/types\/post"}],"author":[{"embeddable":true,"href":"https:\/\/agora.xtec.cat\/ceip-catalunya-sabadell\/wp-json\/wp\/v2\/users\/3"}],"replies":[{"embeddable":true,"href":"https:\/\/agora.xtec.cat\/ceip-catalunya-sabadell\/wp-json\/wp\/v2\/comments?post=2509"}],"version-history":[{"count":2,"href":"https:\/\/agora.xtec.cat\/ceip-catalunya-sabadell\/wp-json\/wp\/v2\/posts\/2509\/revisions"}],"predecessor-version":[{"id":2512,"href":"https:\/\/agora.xtec.cat\/ceip-catalunya-sabadell\/wp-json\/wp\/v2\/posts\/2509\/revisions\/2512"}],"wp:featuredmedia":[{"embeddable":true,"href":"https:\/\/agora.xtec.cat\/ceip-catalunya-sabadell\/wp-json\/wp\/v2\/media\/1805"}],"wp:attachment":[{"href":"https:\/\/agora.xtec.cat\/ceip-catalunya-sabadell\/wp-json\/wp\/v2\/media?parent=2509"}],"wp:term":[{"taxonomy":"category","embeddable":true,"href":"https:\/\/agora.xtec.cat\/ceip-catalunya-sabadell\/wp-json\/wp\/v2\/categories?post=2509"},{"taxonomy":"post_tag","embeddable":true,"href":"https:\/\/agora.xtec.cat\/ceip-catalunya-sabadell\/wp-json\/wp\/v2\/tags?post=2509"}],"curies":[{"name":"wp","href":"https:\/\/api.w.org\/{rel}","templated":true}]}}