{"id":2503,"date":"2018-12-23T09:55:42","date_gmt":"2018-12-23T08:55:42","guid":{"rendered":"http:\/\/agora.xtec.cat\/ceip-catalunya-sabadell\/?p=2503"},"modified":"2018-12-23T09:55:42","modified_gmt":"2018-12-23T08:55:42","slug":"el-nadal-a-cicle-inicial","status":"publish","type":"post","link":"https:\/\/agora.xtec.cat\/ceip-catalunya-sabadell\/portada\/el-nadal-a-cicle-inicial\/","title":{"rendered":"El Nadal a Cicle Inicial!!"},"content":{"rendered":"<p>Aquesta darrera setmana a l\u2019escola ha estat plena d\u2019emocions. El dilluns va arribar a l\u2019escola el Ti\u00f3 i l\u2019hem estat alimentant fins que el vam fer cagar dijous a la tarda. Ens ha portat un conte molt especial per la classe i uns quants dol\u00e7os.<\/p>\n<p>Tamb\u00e9, dimecres vam anar al centre c\u00edvic de Can Rull a veure els pastorets dels nens i nenes de 6\u00e8. Va ser un gran espectacle i ens va agradar molt\u00edssim!!!<\/p>\n<p>El dijous vam portar totes les nostres cartes a l\u2019Ambaixadora Reial perqu\u00e8 les faci arribar als Reis d\u2019Orient.<\/p>\n<p>Per \u00faltim, hem intercanviat Nadales i poemes entre tot el cicle. Ha estat preci\u00f3s!!<\/p>\n<p>Cliqueu\u00a0en el seg\u00fcent <a href=\"https:\/\/photos.app.goo.gl\/y4ZoPyQs5rXvXuJo8\">enlla\u00e7<\/a>\u00a0i veureu totes les fotos de les diferents activitats.<\/p>\n<p>Aprofitem per desitjar-vos a tots i totes unes Bones Festes!! Fins el 2019!!<\/p>\n<p><a href=\"https:\/\/agora.xtec.cat\/ceip-catalunya-sabadell\/wp-content\/uploads\/usu823\/2018\/12\/bones-festes.png\"><img loading=\"lazy\" decoding=\"async\" class=\" wp-image-2504 alignleft\" src=\"https:\/\/agora.xtec.cat\/ceip-catalunya-sabadell\/wp-content\/uploads\/usu823\/2018\/12\/bones-festes.png\" alt=\"\" width=\"400\" height=\"295\" \/><br \/>\n<\/a><\/p>\n","protected":false},"excerpt":{"rendered":"<p>Aquesta darrera setmana a l\u2019escola ha estat plena d\u2019emocions. El dilluns va arribar a l\u2019escola el Ti\u00f3 i l\u2019hem estat alimentant fins que el vam fer cagar dijous a la tarda. Ens ha portat un conte molt especial per la classe i uns quants dol\u00e7os.<br \/>\nTamb\u00e9,&hellip;  <a href=\"https:\/\/agora.xtec.cat\/ceip-catalunya-sabadell\/portada\/el-nadal-a-cicle-inicial\/\" title=\"Read El Nadal a Cicle Inicial!!\">Llegeix m\u00e9s\u00bb<\/a><\/p>\n","protected":false},"author":26,"featured_media":1805,"comment_status":"open","ping_status":"closed","sticky":false,"template":"","format":"standard","meta":{"_bbp_topic_count":0,"_bbp_reply_count":0,"_bbp_total_topic_count":0,"_bbp_total_reply_count":0,"_bbp_voice_count":0,"_bbp_anonymous_reply_count":0,"_bbp_topic_count_hidden":0,"_bbp_reply_count_hidden":0,"_bbp_forum_subforum_count":0,"footnotes":""},"categories":[36,4],"tags":[],"class_list":["post-2503","post","type-post","status-publish","format-standard","has-post-thumbnail","hentry","category-festes","category-portada"],"post_mailing_queue_ids":[],"_links":{"self":[{"href":"https:\/\/agora.xtec.cat\/ceip-catalunya-sabadell\/wp-json\/wp\/v2\/posts\/2503","targetHints":{"allow":["GET"]}}],"collection":[{"href":"https:\/\/agora.xtec.cat\/ceip-catalunya-sabadell\/wp-json\/wp\/v2\/posts"}],"about":[{"href":"https:\/\/agora.xtec.cat\/ceip-catalunya-sabadell\/wp-json\/wp\/v2\/types\/post"}],"author":[{"embeddable":true,"href":"https:\/\/agora.xtec.cat\/ceip-catalunya-sabadell\/wp-json\/wp\/v2\/users\/26"}],"replies":[{"embeddable":true,"href":"https:\/\/agora.xtec.cat\/ceip-catalunya-sabadell\/wp-json\/wp\/v2\/comments?post=2503"}],"version-history":[{"count":3,"href":"https:\/\/agora.xtec.cat\/ceip-catalunya-sabadell\/wp-json\/wp\/v2\/posts\/2503\/revisions"}],"predecessor-version":[{"id":2508,"href":"https:\/\/agora.xtec.cat\/ceip-catalunya-sabadell\/wp-json\/wp\/v2\/posts\/2503\/revisions\/2508"}],"wp:featuredmedia":[{"embeddable":true,"href":"https:\/\/agora.xtec.cat\/ceip-catalunya-sabadell\/wp-json\/wp\/v2\/media\/1805"}],"wp:attachment":[{"href":"https:\/\/agora.xtec.cat\/ceip-catalunya-sabadell\/wp-json\/wp\/v2\/media?parent=2503"}],"wp:term":[{"taxonomy":"category","embeddable":true,"href":"https:\/\/agora.xtec.cat\/ceip-catalunya-sabadell\/wp-json\/wp\/v2\/categories?post=2503"},{"taxonomy":"post_tag","embeddable":true,"href":"https:\/\/agora.xtec.cat\/ceip-catalunya-sabadell\/wp-json\/wp\/v2\/tags?post=2503"}],"curies":[{"name":"wp","href":"https:\/\/api.w.org\/{rel}","templated":true}]}}