{"id":2490,"date":"2018-12-21T13:17:36","date_gmt":"2018-12-21T12:17:36","guid":{"rendered":"http:\/\/agora.xtec.cat\/ceip-catalunya-sabadell\/?p=2490"},"modified":"2019-11-13T10:09:56","modified_gmt":"2019-11-13T09:09:56","slug":"es-nadal-a-ed-infantil","status":"publish","type":"post","link":"https:\/\/agora.xtec.cat\/ceip-catalunya-sabadell\/infantil\/es-nadal-a-ed-infantil\/","title":{"rendered":"\u00c9S NADAL A ED. INFANTIL!!"},"content":{"rendered":"<p>Bon dia fam\u00edlies!!<\/p>\n<p>Aquesta \u00faltima setmana ha estat molt intensa! Hem celebrat el Nadal a la nostra escola i per tant hem fet un munt d&#8217;activitats diferents!! Hem sentit la llegenda del Ti\u00f3 per boca del Pastoret, hem anat a buscar-lo al pati, l&#8217;hem alimentat durant tota la setmana i per fi, ens ha cagat regals!!!<\/p>\n<p>Tamb\u00e9 les Tortugues, els Ping\u00fcins, els Mags i els Bruixots van anar al centre c\u00edvic de Can Rull a veure la funci\u00f3 de Els Pastorets, i per als \u00d3ssos i els Esquirols van venir uns dimonis i uns pastorets a fer-nos un tastet a la sala de Psicomotricitat. Ens va agradar for\u00e7a!<\/p>\n<p>Ens ha vistitat l&#8217;Ambaixadora Reial i li hem donat les nostres cartes per a que les faci arribar a Sas Majestats Els Reis d&#8217;Orient el m\u00e9s aviat possible!<\/p>\n<p>I per \u00faltim, ens hem regalat unes can\u00e7ons i poemes de Nadal!!<\/p>\n<p>Cliqueu damunt el Ti\u00f3 i s&#8217;obrir\u00e0 l&#8217;enlla\u00e7 a l&#8217;album per que veieu totes aquestes coses!<\/p>\n<p><a href=\"https:\/\/photos.app.goo.gl\/fmeWAH9XejSYTLce8\"><img loading=\"lazy\" decoding=\"async\" class=\"alignnone size-large wp-image-2492\" src=\"https:\/\/agora.xtec.cat\/ceip-catalunya-sabadell\/wp-content\/uploads\/usu823\/2018\/12\/resized_DSC01982-1024x768.jpg\" alt=\"\" width=\"1024\" height=\"768\" srcset=\"https:\/\/agora.xtec.cat\/ceip-catalunya-sabadell\/wp-content\/uploads\/usu823\/2018\/12\/resized_DSC01982-1024x768.jpg 1024w, https:\/\/agora.xtec.cat\/ceip-catalunya-sabadell\/wp-content\/uploads\/usu823\/2018\/12\/resized_DSC01982-300x225.jpg 300w, https:\/\/agora.xtec.cat\/ceip-catalunya-sabadell\/wp-content\/uploads\/usu823\/2018\/12\/resized_DSC01982-768x576.jpg 768w, https:\/\/agora.xtec.cat\/ceip-catalunya-sabadell\/wp-content\/uploads\/usu823\/2018\/12\/resized_DSC01982-200x150.jpg 200w, https:\/\/agora.xtec.cat\/ceip-catalunya-sabadell\/wp-content\/uploads\/usu823\/2018\/12\/resized_DSC01982.jpg 1244w\" sizes=\"auto, (max-width: 1024px) 100vw, 1024px\" \/><\/a><\/p>\n<p>&nbsp;<\/p>\n<p>Aqu\u00ed teniu els v\u00eddeos de les can\u00e7ons i els poemes tant bonics que ens hem dedicat aquest mat\u00ed.<\/p>\n<p><iframe loading=\"lazy\" src=\"\/\/www.youtube.com\/embed\/-8sifP5rlh0\" width=\"560\" height=\"314\"><\/iframe><\/p>\n<p>&nbsp;<\/p>\n<p>Tamb\u00e9 us deixem un petit v\u00eddeo de la representaci\u00f3 d&#8217;Els Pastorets.<\/p>\n<p><iframe loading=\"lazy\" src=\"\/\/www.youtube.com\/embed\/vkbPNvJVtkU\" width=\"560\" height=\"314\"><\/iframe><\/p>\n<p>&nbsp;<\/p>\n<p>BONES FESTES A TOTS I TOTES I FELI\u00c7 2019!!!<\/p>\n","protected":false},"excerpt":{"rendered":"<p>Bon dia fam\u00edlies!!<br \/>\nAquesta \u00faltima setmana ha estat molt intensa! Hem celebrat el Nadal a la nostra escola i per tant hem fet un munt d&#8217;activitats diferents!! Hem sentit la llegenda del Ti\u00f3 per boca del Pastoret, hem anat a buscar-lo al pati, l&#8217;hem alimentat durant&hellip;  <a href=\"https:\/\/agora.xtec.cat\/ceip-catalunya-sabadell\/infantil\/es-nadal-a-ed-infantil\/\" title=\"Read \u00c9S NADAL A ED. INFANTIL!!\">Llegeix m\u00e9s\u00bb<\/a><\/p>\n","protected":false},"author":40,"featured_media":1805,"comment_status":"open","ping_status":"closed","sticky":false,"template":"","format":"standard","meta":{"_bbp_topic_count":0,"_bbp_reply_count":0,"_bbp_total_topic_count":0,"_bbp_total_reply_count":0,"_bbp_voice_count":0,"_bbp_anonymous_reply_count":0,"_bbp_topic_count_hidden":0,"_bbp_reply_count_hidden":0,"_bbp_forum_subforum_count":0,"footnotes":""},"categories":[119,2,4],"tags":[],"class_list":["post-2490","post","type-post","status-publish","format-standard","has-post-thumbnail","hentry","category-promocio-18-27","category-infantil","category-portada"],"post_mailing_queue_ids":[],"_links":{"self":[{"href":"https:\/\/agora.xtec.cat\/ceip-catalunya-sabadell\/wp-json\/wp\/v2\/posts\/2490","targetHints":{"allow":["GET"]}}],"collection":[{"href":"https:\/\/agora.xtec.cat\/ceip-catalunya-sabadell\/wp-json\/wp\/v2\/posts"}],"about":[{"href":"https:\/\/agora.xtec.cat\/ceip-catalunya-sabadell\/wp-json\/wp\/v2\/types\/post"}],"author":[{"embeddable":true,"href":"https:\/\/agora.xtec.cat\/ceip-catalunya-sabadell\/wp-json\/wp\/v2\/users\/40"}],"replies":[{"embeddable":true,"href":"https:\/\/agora.xtec.cat\/ceip-catalunya-sabadell\/wp-json\/wp\/v2\/comments?post=2490"}],"version-history":[{"count":3,"href":"https:\/\/agora.xtec.cat\/ceip-catalunya-sabadell\/wp-json\/wp\/v2\/posts\/2490\/revisions"}],"predecessor-version":[{"id":2497,"href":"https:\/\/agora.xtec.cat\/ceip-catalunya-sabadell\/wp-json\/wp\/v2\/posts\/2490\/revisions\/2497"}],"wp:featuredmedia":[{"embeddable":true,"href":"https:\/\/agora.xtec.cat\/ceip-catalunya-sabadell\/wp-json\/wp\/v2\/media\/1805"}],"wp:attachment":[{"href":"https:\/\/agora.xtec.cat\/ceip-catalunya-sabadell\/wp-json\/wp\/v2\/media?parent=2490"}],"wp:term":[{"taxonomy":"category","embeddable":true,"href":"https:\/\/agora.xtec.cat\/ceip-catalunya-sabadell\/wp-json\/wp\/v2\/categories?post=2490"},{"taxonomy":"post_tag","embeddable":true,"href":"https:\/\/agora.xtec.cat\/ceip-catalunya-sabadell\/wp-json\/wp\/v2\/tags?post=2490"}],"curies":[{"name":"wp","href":"https:\/\/api.w.org\/{rel}","templated":true}]}}