{"id":2481,"date":"2018-12-19T16:39:46","date_gmt":"2018-12-19T15:39:46","guid":{"rendered":"http:\/\/agora.xtec.cat\/ceip-catalunya-sabadell\/?p=2481"},"modified":"2018-12-20T10:49:47","modified_gmt":"2018-12-20T09:49:47","slug":"lescola-amb-la-marato","status":"publish","type":"post","link":"https:\/\/agora.xtec.cat\/ceip-catalunya-sabadell\/portada\/lescola-amb-la-marato\/","title":{"rendered":"L&#8217;escola amb LA MARAT\u00d3"},"content":{"rendered":"<p>Benvolgudes fam\u00edlies, per segon any consecutiu, l&#8217;AMPA de la nostra escola va organitzar una jornada solid\u00e0ria on tots i totes vam poder gaudir d&#8217;un munt d&#8217;activitats i, alhora, recollir diners per enviar \u00edntegrament a LA MARAT\u00d3 de TV3, que enguany destinar\u00e0 la recaptaci\u00f3\u00a0 obtinguda a l&#8217;estudi contra el c\u00e0ncer.<\/p>\n<p>Des de l&#8217;escola volem agrair a l&#8217;AMPA i a l&#8217;empresa de menjador i extraescolars, MONITAULA, tota l&#8217;empenta que van donar en aquesta fant\u00e0stica jornada, en la qual <strong>es va recaptar la xifra de 2211\u20ac<\/strong>.<\/p>\n<p>Moltes gr\u00e0cies a totes les persones que ho han fet possible,<\/p>\n<p style=\"text-align: right\">ESCOLA CATALUNYA<\/p>\n<p>&nbsp;<\/p>\n<p><a href=\"https:\/\/agora.xtec.cat\/ceip-catalunya-sabadell\/wp-content\/uploads\/usu823\/2018\/12\/resized_image1..jpg\"><img loading=\"lazy\" decoding=\"async\" class=\"alignnone size-full wp-image-2484\" src=\"https:\/\/agora.xtec.cat\/ceip-catalunya-sabadell\/wp-content\/uploads\/usu823\/2018\/12\/resized_image1..jpg\" alt=\"\" width=\"637\" height=\"358\" srcset=\"https:\/\/agora.xtec.cat\/ceip-catalunya-sabadell\/wp-content\/uploads\/usu823\/2018\/12\/resized_image1..jpg 637w, https:\/\/agora.xtec.cat\/ceip-catalunya-sabadell\/wp-content\/uploads\/usu823\/2018\/12\/resized_image1.-300x169.jpg 300w\" sizes=\"auto, (max-width: 637px) 100vw, 637px\" \/><\/a> <a href=\"https:\/\/agora.xtec.cat\/ceip-catalunya-sabadell\/wp-content\/uploads\/usu823\/2018\/12\/resized_image2..jpg\"><img loading=\"lazy\" decoding=\"async\" class=\"alignnone size-large wp-image-2485\" src=\"https:\/\/agora.xtec.cat\/ceip-catalunya-sabadell\/wp-content\/uploads\/usu823\/2018\/12\/resized_image2..jpg\" alt=\"\" width=\"431\" height=\"767\" srcset=\"https:\/\/agora.xtec.cat\/ceip-catalunya-sabadell\/wp-content\/uploads\/usu823\/2018\/12\/resized_image2..jpg 431w, https:\/\/agora.xtec.cat\/ceip-catalunya-sabadell\/wp-content\/uploads\/usu823\/2018\/12\/resized_image2.-169x300.jpg 169w\" sizes=\"auto, (max-width: 431px) 100vw, 431px\" \/><\/a> <a href=\"https:\/\/agora.xtec.cat\/ceip-catalunya-sabadell\/wp-content\/uploads\/usu823\/2018\/12\/resized_image3..jpg\"><img loading=\"lazy\" decoding=\"async\" class=\"alignnone size-large wp-image-2486\" src=\"https:\/\/agora.xtec.cat\/ceip-catalunya-sabadell\/wp-content\/uploads\/usu823\/2018\/12\/resized_image3..jpg\" alt=\"\" width=\"767\" height=\"575\" srcset=\"https:\/\/agora.xtec.cat\/ceip-catalunya-sabadell\/wp-content\/uploads\/usu823\/2018\/12\/resized_image3..jpg 767w, https:\/\/agora.xtec.cat\/ceip-catalunya-sabadell\/wp-content\/uploads\/usu823\/2018\/12\/resized_image3.-300x225.jpg 300w, https:\/\/agora.xtec.cat\/ceip-catalunya-sabadell\/wp-content\/uploads\/usu823\/2018\/12\/resized_image3.-200x150.jpg 200w\" sizes=\"auto, (max-width: 767px) 100vw, 767px\" \/><\/a> <a href=\"https:\/\/agora.xtec.cat\/ceip-catalunya-sabadell\/wp-content\/uploads\/usu823\/2018\/12\/resized_image4..jpg\"><img loading=\"lazy\" decoding=\"async\" class=\"alignnone size-large wp-image-2487\" src=\"https:\/\/agora.xtec.cat\/ceip-catalunya-sabadell\/wp-content\/uploads\/usu823\/2018\/12\/resized_image4..jpg\" alt=\"\" width=\"767\" height=\"575\" srcset=\"https:\/\/agora.xtec.cat\/ceip-catalunya-sabadell\/wp-content\/uploads\/usu823\/2018\/12\/resized_image4..jpg 767w, https:\/\/agora.xtec.cat\/ceip-catalunya-sabadell\/wp-content\/uploads\/usu823\/2018\/12\/resized_image4.-300x225.jpg 300w, https:\/\/agora.xtec.cat\/ceip-catalunya-sabadell\/wp-content\/uploads\/usu823\/2018\/12\/resized_image4.-200x150.jpg 200w\" sizes=\"auto, (max-width: 767px) 100vw, 767px\" \/><\/a> <a href=\"https:\/\/agora.xtec.cat\/ceip-catalunya-sabadell\/wp-content\/uploads\/usu823\/2018\/12\/resized_image5..jpg\"><img loading=\"lazy\" decoding=\"async\" class=\"alignnone size-large wp-image-2488\" src=\"https:\/\/agora.xtec.cat\/ceip-catalunya-sabadell\/wp-content\/uploads\/usu823\/2018\/12\/resized_image5..jpg\" alt=\"\" width=\"767\" height=\"575\" srcset=\"https:\/\/agora.xtec.cat\/ceip-catalunya-sabadell\/wp-content\/uploads\/usu823\/2018\/12\/resized_image5..jpg 767w, https:\/\/agora.xtec.cat\/ceip-catalunya-sabadell\/wp-content\/uploads\/usu823\/2018\/12\/resized_image5.-300x225.jpg 300w, https:\/\/agora.xtec.cat\/ceip-catalunya-sabadell\/wp-content\/uploads\/usu823\/2018\/12\/resized_image5.-200x150.jpg 200w\" sizes=\"auto, (max-width: 767px) 100vw, 767px\" \/><\/a><\/p>\n","protected":false},"excerpt":{"rendered":"<p>Benvolgudes fam\u00edlies, per segon any consecutiu, l&#8217;AMPA de la nostra escola va organitzar una jornada solid\u00e0ria on tots i totes vam poder gaudir d&#8217;un munt d&#8217;activitats i, alhora, recollir diners per enviar \u00edntegrament a LA MARAT\u00d3 de TV3, que enguany destinar\u00e0 la recaptaci\u00f3\u00a0 obtinguda a&hellip;  <a href=\"https:\/\/agora.xtec.cat\/ceip-catalunya-sabadell\/portada\/lescola-amb-la-marato\/\" title=\"Read L&#8217;escola amb LA MARAT\u00d3\">Llegeix m\u00e9s\u00bb<\/a><\/p>\n","protected":false},"author":22,"featured_media":0,"comment_status":"open","ping_status":"closed","sticky":false,"template":"","format":"standard","meta":{"_bbp_topic_count":0,"_bbp_reply_count":0,"_bbp_total_topic_count":0,"_bbp_total_reply_count":0,"_bbp_voice_count":0,"_bbp_anonymous_reply_count":0,"_bbp_topic_count_hidden":0,"_bbp_reply_count_hidden":0,"_bbp_forum_subforum_count":0,"footnotes":""},"categories":[36,4],"tags":[],"class_list":["post-2481","post","type-post","status-publish","format-standard","hentry","category-festes","category-portada"],"post_mailing_queue_ids":[],"_links":{"self":[{"href":"https:\/\/agora.xtec.cat\/ceip-catalunya-sabadell\/wp-json\/wp\/v2\/posts\/2481","targetHints":{"allow":["GET"]}}],"collection":[{"href":"https:\/\/agora.xtec.cat\/ceip-catalunya-sabadell\/wp-json\/wp\/v2\/posts"}],"about":[{"href":"https:\/\/agora.xtec.cat\/ceip-catalunya-sabadell\/wp-json\/wp\/v2\/types\/post"}],"author":[{"embeddable":true,"href":"https:\/\/agora.xtec.cat\/ceip-catalunya-sabadell\/wp-json\/wp\/v2\/users\/22"}],"replies":[{"embeddable":true,"href":"https:\/\/agora.xtec.cat\/ceip-catalunya-sabadell\/wp-json\/wp\/v2\/comments?post=2481"}],"version-history":[{"count":3,"href":"https:\/\/agora.xtec.cat\/ceip-catalunya-sabadell\/wp-json\/wp\/v2\/posts\/2481\/revisions"}],"predecessor-version":[{"id":2489,"href":"https:\/\/agora.xtec.cat\/ceip-catalunya-sabadell\/wp-json\/wp\/v2\/posts\/2481\/revisions\/2489"}],"wp:attachment":[{"href":"https:\/\/agora.xtec.cat\/ceip-catalunya-sabadell\/wp-json\/wp\/v2\/media?parent=2481"}],"wp:term":[{"taxonomy":"category","embeddable":true,"href":"https:\/\/agora.xtec.cat\/ceip-catalunya-sabadell\/wp-json\/wp\/v2\/categories?post=2481"},{"taxonomy":"post_tag","embeddable":true,"href":"https:\/\/agora.xtec.cat\/ceip-catalunya-sabadell\/wp-json\/wp\/v2\/tags?post=2481"}],"curies":[{"name":"wp","href":"https:\/\/api.w.org\/{rel}","templated":true}]}}