{"id":2445,"date":"2018-11-27T14:06:45","date_gmt":"2018-11-27T13:06:45","guid":{"rendered":"http:\/\/agora.xtec.cat\/ceip-catalunya-sabadell\/?p=2445"},"modified":"2018-11-27T14:06:45","modified_gmt":"2018-11-27T13:06:45","slug":"museu-dart-de-sabadell-2","status":"publish","type":"post","link":"https:\/\/agora.xtec.cat\/ceip-catalunya-sabadell\/artscrafts\/museu-dart-de-sabadell-2\/","title":{"rendered":"Museu d&#8217;Art de Sabadell"},"content":{"rendered":"<p>&nbsp;<\/p>\n<p>Els nens i nenes\u00a0 de 1r vam anar al Museu d&#8217;Art de Sabadell a fer una activitat titulada &#8221; Mira qui et mira&#8221;. Hem vist molts quadres de paisatges, retrats i tamb\u00e9 hem fet un joc de mem\u00f2ria visual molt divertit . Hem apr\u00e8s moltes coses i ens ho hem passat molt b\u00e9.<\/p>\n<p>&nbsp;<\/p>\n<p>&nbsp;<\/p>\n<p><a href=\"https:\/\/photos.app.goo.gl\/Jg51uwj4fFgMZTu97\">https:\/\/photos.app.goo.gl\/Jg51uwj4fFgMZTu97\u00a0 \u00a0Fotos de 1r A\u00a0<\/a><\/p>\n<p><a href=\"https:\/\/photos.app.goo.gl\/exsqiN9mwueWUx596\">https:\/\/photos.app.goo.gl\/exsqiN9mwueWUx596<\/a>\u00a0 Fotos 1r B<\/p>\n","protected":false},"excerpt":{"rendered":"<p>&nbsp;<br \/>\nEls nens i nenes\u00a0 de 1r vam anar al Museu d&#8217;Art de Sabadell a fer una activitat titulada &#8221; Mira qui et mira&#8221;. Hem vist molts quadres de paisatges, retrats i tamb\u00e9 hem fet un joc de mem\u00f2ria visual molt divertit . Hem apr\u00e8s moltes&hellip;  <a href=\"https:\/\/agora.xtec.cat\/ceip-catalunya-sabadell\/artscrafts\/museu-dart-de-sabadell-2\/\" title=\"Read Museu d&#8217;Art de Sabadell\">Llegeix m\u00e9s\u00bb<\/a><\/p>\n","protected":false},"author":3,"featured_media":0,"comment_status":"open","ping_status":"closed","sticky":false,"template":"","format":"standard","meta":{"_bbp_topic_count":0,"_bbp_reply_count":0,"_bbp_total_topic_count":0,"_bbp_total_reply_count":0,"_bbp_voice_count":0,"_bbp_anonymous_reply_count":0,"_bbp_topic_count_hidden":0,"_bbp_reply_count_hidden":0,"_bbp_forum_subforum_count":0,"footnotes":""},"categories":[40],"tags":[],"class_list":["post-2445","post","type-post","status-publish","format-standard","hentry","category-artscrafts"],"post_mailing_queue_ids":[],"_links":{"self":[{"href":"https:\/\/agora.xtec.cat\/ceip-catalunya-sabadell\/wp-json\/wp\/v2\/posts\/2445","targetHints":{"allow":["GET"]}}],"collection":[{"href":"https:\/\/agora.xtec.cat\/ceip-catalunya-sabadell\/wp-json\/wp\/v2\/posts"}],"about":[{"href":"https:\/\/agora.xtec.cat\/ceip-catalunya-sabadell\/wp-json\/wp\/v2\/types\/post"}],"author":[{"embeddable":true,"href":"https:\/\/agora.xtec.cat\/ceip-catalunya-sabadell\/wp-json\/wp\/v2\/users\/3"}],"replies":[{"embeddable":true,"href":"https:\/\/agora.xtec.cat\/ceip-catalunya-sabadell\/wp-json\/wp\/v2\/comments?post=2445"}],"version-history":[{"count":2,"href":"https:\/\/agora.xtec.cat\/ceip-catalunya-sabadell\/wp-json\/wp\/v2\/posts\/2445\/revisions"}],"predecessor-version":[{"id":2447,"href":"https:\/\/agora.xtec.cat\/ceip-catalunya-sabadell\/wp-json\/wp\/v2\/posts\/2445\/revisions\/2447"}],"wp:attachment":[{"href":"https:\/\/agora.xtec.cat\/ceip-catalunya-sabadell\/wp-json\/wp\/v2\/media?parent=2445"}],"wp:term":[{"taxonomy":"category","embeddable":true,"href":"https:\/\/agora.xtec.cat\/ceip-catalunya-sabadell\/wp-json\/wp\/v2\/categories?post=2445"},{"taxonomy":"post_tag","embeddable":true,"href":"https:\/\/agora.xtec.cat\/ceip-catalunya-sabadell\/wp-json\/wp\/v2\/tags?post=2445"}],"curies":[{"name":"wp","href":"https:\/\/api.w.org\/{rel}","templated":true}]}}