{"id":2438,"date":"2018-11-27T13:58:25","date_gmt":"2018-11-27T12:58:25","guid":{"rendered":"http:\/\/agora.xtec.cat\/ceip-catalunya-sabadell\/?p=2438"},"modified":"2019-11-13T10:10:05","modified_gmt":"2019-11-13T09:10:05","slug":"santa-cecilia","status":"publish","type":"post","link":"https:\/\/agora.xtec.cat\/ceip-catalunya-sabadell\/general\/santa-cecilia\/","title":{"rendered":"SANTA CECILIA"},"content":{"rendered":"<p>Bon dia fam\u00edlies! El dia 22 de novembre al mat\u00ed vem tenir la sort d&#8217;escoltar els pares de la Laia de la classe dels Esquirols (Marina i Xavi) en un concert de trompa i saxo. Per grups vem pujar a la sala de Psicomotricitat i ens van tocar algunes can\u00e7ons. I divendres a la tarda ens van venir a cantar a les classes els nens i nenes de 1er, 2on i 3er. Aqu\u00ed teniu l&#8217;enlla\u00e7 per veure l&#8217;album de fotos i els v\u00eddeos! Ens va agradar molt\u00edssim. Esperem que gaudiu tant com nosaltres!!<\/p>\n<p>(Cliqueu damunt la imatge per obrir l&#8217;\u00e0lbum de fotos)<\/p>\n<p><a href=\"https:\/\/photos.app.goo.gl\/Jetj3bLugn6qL17t6\"><img loading=\"lazy\" decoding=\"async\" class=\"alignnone size-large wp-image-2442\" src=\"https:\/\/agora.xtec.cat\/ceip-catalunya-sabadell\/wp-content\/uploads\/usu823\/2018\/11\/resized_DSC00311-1024x768.jpg\" alt=\"\" width=\"1024\" height=\"768\" srcset=\"https:\/\/agora.xtec.cat\/ceip-catalunya-sabadell\/wp-content\/uploads\/usu823\/2018\/11\/resized_DSC00311-1024x768.jpg 1024w, https:\/\/agora.xtec.cat\/ceip-catalunya-sabadell\/wp-content\/uploads\/usu823\/2018\/11\/resized_DSC00311-300x225.jpg 300w, https:\/\/agora.xtec.cat\/ceip-catalunya-sabadell\/wp-content\/uploads\/usu823\/2018\/11\/resized_DSC00311-768x576.jpg 768w, https:\/\/agora.xtec.cat\/ceip-catalunya-sabadell\/wp-content\/uploads\/usu823\/2018\/11\/resized_DSC00311-200x150.jpg 200w\" sizes=\"auto, (max-width: 1024px) 100vw, 1024px\" \/><\/a><\/p>\n<p>&nbsp;<\/p>\n<p><iframe loading=\"lazy\" src=\"\/\/www.youtube.com\/embed\/4olkhl-g9B8\" width=\"560\" height=\"314\"><\/iframe><\/p>\n<p>Fins aviat!!<\/p>\n","protected":false},"excerpt":{"rendered":"<p>Bon dia fam\u00edlies! El dia 22 de novembre al mat\u00ed vem tenir la sort d&#8217;escoltar els pares de la Laia de la classe dels Esquirols (Marina i Xavi) en un concert de trompa i saxo. Per grups vem pujar a la sala de Psicomotricitat i&hellip;  <a href=\"https:\/\/agora.xtec.cat\/ceip-catalunya-sabadell\/general\/santa-cecilia\/\" title=\"Read SANTA CECILIA\">Llegeix m\u00e9s\u00bb<\/a><\/p>\n","protected":false},"author":40,"featured_media":1805,"comment_status":"open","ping_status":"closed","sticky":false,"template":"","format":"standard","meta":{"_bbp_topic_count":0,"_bbp_reply_count":0,"_bbp_total_topic_count":0,"_bbp_total_reply_count":0,"_bbp_voice_count":0,"_bbp_anonymous_reply_count":0,"_bbp_topic_count_hidden":0,"_bbp_reply_count_hidden":0,"_bbp_forum_subforum_count":0,"footnotes":""},"categories":[119,1,2,4],"tags":[],"class_list":["post-2438","post","type-post","status-publish","format-standard","has-post-thumbnail","hentry","category-promocio-18-27","category-general","category-infantil","category-portada"],"post_mailing_queue_ids":[],"_links":{"self":[{"href":"https:\/\/agora.xtec.cat\/ceip-catalunya-sabadell\/wp-json\/wp\/v2\/posts\/2438","targetHints":{"allow":["GET"]}}],"collection":[{"href":"https:\/\/agora.xtec.cat\/ceip-catalunya-sabadell\/wp-json\/wp\/v2\/posts"}],"about":[{"href":"https:\/\/agora.xtec.cat\/ceip-catalunya-sabadell\/wp-json\/wp\/v2\/types\/post"}],"author":[{"embeddable":true,"href":"https:\/\/agora.xtec.cat\/ceip-catalunya-sabadell\/wp-json\/wp\/v2\/users\/40"}],"replies":[{"embeddable":true,"href":"https:\/\/agora.xtec.cat\/ceip-catalunya-sabadell\/wp-json\/wp\/v2\/comments?post=2438"}],"version-history":[{"count":3,"href":"https:\/\/agora.xtec.cat\/ceip-catalunya-sabadell\/wp-json\/wp\/v2\/posts\/2438\/revisions"}],"predecessor-version":[{"id":2444,"href":"https:\/\/agora.xtec.cat\/ceip-catalunya-sabadell\/wp-json\/wp\/v2\/posts\/2438\/revisions\/2444"}],"wp:featuredmedia":[{"embeddable":true,"href":"https:\/\/agora.xtec.cat\/ceip-catalunya-sabadell\/wp-json\/wp\/v2\/media\/1805"}],"wp:attachment":[{"href":"https:\/\/agora.xtec.cat\/ceip-catalunya-sabadell\/wp-json\/wp\/v2\/media?parent=2438"}],"wp:term":[{"taxonomy":"category","embeddable":true,"href":"https:\/\/agora.xtec.cat\/ceip-catalunya-sabadell\/wp-json\/wp\/v2\/categories?post=2438"},{"taxonomy":"post_tag","embeddable":true,"href":"https:\/\/agora.xtec.cat\/ceip-catalunya-sabadell\/wp-json\/wp\/v2\/tags?post=2438"}],"curies":[{"name":"wp","href":"https:\/\/api.w.org\/{rel}","templated":true}]}}