{"id":2335,"date":"2018-10-18T19:30:43","date_gmt":"2018-10-18T17:30:43","guid":{"rendered":"http:\/\/agora.xtec.cat\/ceip-catalunya-sabadell\/?p=2335"},"modified":"2018-10-18T19:30:43","modified_gmt":"2018-10-18T17:30:43","slug":"la-verema","status":"publish","type":"post","link":"https:\/\/agora.xtec.cat\/ceip-catalunya-sabadell\/general\/la-verema\/","title":{"rendered":"La verema!"},"content":{"rendered":"<p>Els ratpenats i cocodrils vam anar d&#8217;excursi\u00f3 a Subirats per fer la verema.<\/p>\n<p>Vam collir ra\u00efm de les vinyes, ens van ensenyar un poema per cantar mentre trepitj\u00e0vem el ra\u00efm amb els peus, vam tastar el most i, finalment, vam etiquetar les ampolles.<\/p>\n<p>Va ser un dia molt divertit.<\/p>\n<p>Us deixem les fotos de la sortida.<\/p>\n<p><a href=\"https:\/\/drive.google.com\/drive\/folders\/19z42Wqn0e0NJRZxTtWSI2yr-YVKu9tuh?usp=sharing\" target=\"_blank\" rel=\"noopener\">Fotos de la verema<\/a><\/p>\n<p><a href=\"https:\/\/agora.xtec.cat\/ceip-catalunya-sabadell\/wp-content\/uploads\/usu823\/2018\/10\/Sin-t\u00edtulo-2.png\"><img loading=\"lazy\" decoding=\"async\" class=\"alignnone size-medium wp-image-2339\" src=\"https:\/\/agora.xtec.cat\/ceip-catalunya-sabadell\/wp-content\/uploads\/usu823\/2018\/10\/Sin-t\u00edtulo-2-300x261.png\" alt=\"\" width=\"300\" height=\"261\" srcset=\"https:\/\/agora.xtec.cat\/ceip-catalunya-sabadell\/wp-content\/uploads\/usu823\/2018\/10\/Sin-t\u00edtulo-2-300x261.png 300w, https:\/\/agora.xtec.cat\/ceip-catalunya-sabadell\/wp-content\/uploads\/usu823\/2018\/10\/Sin-t\u00edtulo-2.png 634w\" sizes=\"auto, (max-width: 300px) 100vw, 300px\" \/><\/a><\/p>\n","protected":false},"excerpt":{"rendered":"<p>Els ratpenats i cocodrils vam anar d&#8217;excursi\u00f3 a Subirats per fer la verema.<br \/>\nVam collir ra\u00efm de les vinyes, ens van ensenyar un poema per cantar mentre trepitj\u00e0vem el ra\u00efm amb els peus, vam tastar el most i, finalment, vam etiquetar les ampolles.<br \/>\nVa ser un dia&hellip;  <a href=\"https:\/\/agora.xtec.cat\/ceip-catalunya-sabadell\/general\/la-verema\/\" title=\"Read La verema!\">Llegeix m\u00e9s\u00bb<\/a><\/p>\n","protected":false},"author":27,"featured_media":1805,"comment_status":"open","ping_status":"closed","sticky":false,"template":"","format":"standard","meta":{"_bbp_topic_count":0,"_bbp_reply_count":0,"_bbp_total_topic_count":0,"_bbp_total_reply_count":0,"_bbp_voice_count":0,"_bbp_anonymous_reply_count":0,"_bbp_topic_count_hidden":0,"_bbp_reply_count_hidden":0,"_bbp_forum_subforum_count":0,"footnotes":""},"categories":[1],"tags":[],"class_list":["post-2335","post","type-post","status-publish","format-standard","has-post-thumbnail","hentry","category-general"],"post_mailing_queue_ids":[],"_links":{"self":[{"href":"https:\/\/agora.xtec.cat\/ceip-catalunya-sabadell\/wp-json\/wp\/v2\/posts\/2335","targetHints":{"allow":["GET"]}}],"collection":[{"href":"https:\/\/agora.xtec.cat\/ceip-catalunya-sabadell\/wp-json\/wp\/v2\/posts"}],"about":[{"href":"https:\/\/agora.xtec.cat\/ceip-catalunya-sabadell\/wp-json\/wp\/v2\/types\/post"}],"author":[{"embeddable":true,"href":"https:\/\/agora.xtec.cat\/ceip-catalunya-sabadell\/wp-json\/wp\/v2\/users\/27"}],"replies":[{"embeddable":true,"href":"https:\/\/agora.xtec.cat\/ceip-catalunya-sabadell\/wp-json\/wp\/v2\/comments?post=2335"}],"version-history":[{"count":1,"href":"https:\/\/agora.xtec.cat\/ceip-catalunya-sabadell\/wp-json\/wp\/v2\/posts\/2335\/revisions"}],"predecessor-version":[{"id":2340,"href":"https:\/\/agora.xtec.cat\/ceip-catalunya-sabadell\/wp-json\/wp\/v2\/posts\/2335\/revisions\/2340"}],"wp:featuredmedia":[{"embeddable":true,"href":"https:\/\/agora.xtec.cat\/ceip-catalunya-sabadell\/wp-json\/wp\/v2\/media\/1805"}],"wp:attachment":[{"href":"https:\/\/agora.xtec.cat\/ceip-catalunya-sabadell\/wp-json\/wp\/v2\/media?parent=2335"}],"wp:term":[{"taxonomy":"category","embeddable":true,"href":"https:\/\/agora.xtec.cat\/ceip-catalunya-sabadell\/wp-json\/wp\/v2\/categories?post=2335"},{"taxonomy":"post_tag","embeddable":true,"href":"https:\/\/agora.xtec.cat\/ceip-catalunya-sabadell\/wp-json\/wp\/v2\/tags?post=2335"}],"curies":[{"name":"wp","href":"https:\/\/api.w.org\/{rel}","templated":true}]}}