{"id":2332,"date":"2018-10-17T16:10:30","date_gmt":"2018-10-17T14:10:30","guid":{"rendered":"http:\/\/agora.xtec.cat\/ceip-catalunya-sabadell\/?p=2332"},"modified":"2018-10-17T16:10:30","modified_gmt":"2018-10-17T14:10:30","slug":"58a-marxa-de-la-regularitat","status":"publish","type":"post","link":"https:\/\/agora.xtec.cat\/ceip-catalunya-sabadell\/portada\/58a-marxa-de-la-regularitat\/","title":{"rendered":"58a. Marxa de la Regularitat"},"content":{"rendered":"<p>Benvolgudes fam\u00edlies,<\/p>\n<p>us fem una petita transcripci\u00f3 de la presentaci\u00f3 de la UES de la 58a Marxa de la Regularitat, ja que \u00e9s una activitat molt popular i de gran tradici\u00f3 a la nostra escola. Recordeu que, en cas d&#8217;apuntar-vos, podeu fer-ho com a membres de l&#8217;equip de l&#8217;Escola Catalunya!<\/p>\n<p><em>Us fem saber, un any m\u00e9s, amb aquesta breu explicaci\u00f3 el Programa de la <strong>58a Marxa Excursionista de Regularitat, <\/strong>que si no hi ha res de nou, es celebrar\u00e0 el diumenge dia <strong>11 de novembre.<\/strong><\/em><\/p>\n<p><em>Es tracta d&#8217;una caminada matinal que, encara que es presenta com a competici\u00f3 que premia la regularitat, \u00e9s sobretot un motiu de contacte dels nens i nenes amb la natura, ajudant-los a con\u00e8ixer el rodal de la nostra ciutat.<\/em><\/p>\n<p><em>Aquest any l&#8217;itinerari es realitzar\u00e0 pels voltants de Sentmenat.<\/em><\/p>\n<p><em>Com en les anteriors edicions, es faran dues classificacions: una, <strong>per a nois i noies<\/strong> <strong>de 7 a 14 anys (nascuts del 2011 al 2004), <\/strong>i l&#8217;altra, mixta, per a infants acompanyats per un adult.<\/em><\/p>\n<p><em>Els infants de <strong>5 i 6 anys (nascuts al 2012 i 2013)<\/strong>, poden participar per\u00f2 estan obligats a anar acompanyats d&#8217;un major de 14 anys.<\/em><\/p>\n<p><em>Les inscripcions es realitzaran del <strong>5 al 8 de novembre de 19:00 a 21:30<\/strong> al local de la UES, o per internet (a la p\u00e0gina web properament disponible).<\/em><\/p>\n<p><em>Per qualsevol dubte podeu enviar un mail a l&#8217;adre\u00e7a marxaregularitat@ues.cat.<\/em><\/p>\n<p>&nbsp;<\/p>\n<p><em>Us agra\u00efm per endavant la vostra valuosa col\u00b7laboraci\u00f3 i aprofitem per restar a la vostra disposici\u00f3 saludant-vos ben cordialment,<\/em><\/p>\n<p><em><strong>UNI\u00d3 EXCURSIONISTA DE SABADELL<\/strong><\/em><\/p>\n<p>Sabadell, octubre de 2018.<\/p>\n","protected":false},"excerpt":{"rendered":"<p>Benvolgudes fam\u00edlies,<br \/>\nus fem una petita transcripci\u00f3 de la presentaci\u00f3 de la UES de la 58a Marxa de la Regularitat, ja que \u00e9s una activitat molt popular i de gran tradici\u00f3 a la nostra escola. Recordeu que, en cas d&#8217;apuntar-vos, podeu fer-ho com a membres de&hellip;  <a href=\"https:\/\/agora.xtec.cat\/ceip-catalunya-sabadell\/portada\/58a-marxa-de-la-regularitat\/\" title=\"Read 58a. Marxa de la Regularitat\">Llegeix m\u00e9s\u00bb<\/a><\/p>\n","protected":false},"author":22,"featured_media":0,"comment_status":"open","ping_status":"closed","sticky":false,"template":"","format":"standard","meta":{"_bbp_topic_count":0,"_bbp_reply_count":0,"_bbp_total_topic_count":0,"_bbp_total_reply_count":0,"_bbp_voice_count":0,"_bbp_anonymous_reply_count":0,"_bbp_topic_count_hidden":0,"_bbp_reply_count_hidden":0,"_bbp_forum_subforum_count":0,"footnotes":""},"categories":[38,4],"tags":[],"class_list":["post-2332","post","type-post","status-publish","format-standard","hentry","category-sostenible","category-portada"],"post_mailing_queue_ids":[],"_links":{"self":[{"href":"https:\/\/agora.xtec.cat\/ceip-catalunya-sabadell\/wp-json\/wp\/v2\/posts\/2332","targetHints":{"allow":["GET"]}}],"collection":[{"href":"https:\/\/agora.xtec.cat\/ceip-catalunya-sabadell\/wp-json\/wp\/v2\/posts"}],"about":[{"href":"https:\/\/agora.xtec.cat\/ceip-catalunya-sabadell\/wp-json\/wp\/v2\/types\/post"}],"author":[{"embeddable":true,"href":"https:\/\/agora.xtec.cat\/ceip-catalunya-sabadell\/wp-json\/wp\/v2\/users\/22"}],"replies":[{"embeddable":true,"href":"https:\/\/agora.xtec.cat\/ceip-catalunya-sabadell\/wp-json\/wp\/v2\/comments?post=2332"}],"version-history":[{"count":2,"href":"https:\/\/agora.xtec.cat\/ceip-catalunya-sabadell\/wp-json\/wp\/v2\/posts\/2332\/revisions"}],"predecessor-version":[{"id":2334,"href":"https:\/\/agora.xtec.cat\/ceip-catalunya-sabadell\/wp-json\/wp\/v2\/posts\/2332\/revisions\/2334"}],"wp:attachment":[{"href":"https:\/\/agora.xtec.cat\/ceip-catalunya-sabadell\/wp-json\/wp\/v2\/media?parent=2332"}],"wp:term":[{"taxonomy":"category","embeddable":true,"href":"https:\/\/agora.xtec.cat\/ceip-catalunya-sabadell\/wp-json\/wp\/v2\/categories?post=2332"},{"taxonomy":"post_tag","embeddable":true,"href":"https:\/\/agora.xtec.cat\/ceip-catalunya-sabadell\/wp-json\/wp\/v2\/tags?post=2332"}],"curies":[{"name":"wp","href":"https:\/\/api.w.org\/{rel}","templated":true}]}}