{"id":2311,"date":"2018-09-21T18:11:44","date_gmt":"2018-09-21T16:11:44","guid":{"rendered":"http:\/\/agora.xtec.cat\/ceip-catalunya-sabadell\/?p=2311"},"modified":"2018-09-28T10:43:17","modified_gmt":"2018-09-28T08:43:17","slug":"dia-internacional-de-la-sordesa","status":"publish","type":"post","link":"https:\/\/agora.xtec.cat\/ceip-catalunya-sabadell\/general\/dia-internacional-de-la-sordesa\/","title":{"rendered":"Dia internacional de la sordesa"},"content":{"rendered":"<p>Diumenge 23 de setembre \u00e9s el dia internacional de la sordesa, per aix\u00f2 volem compartir amb tots vosaltres aquest c\u00f2mic.<\/p>\n<p>(clica a la imatge)<\/p>\n<p><a href=\"http:\/\/www.oiresclave.org\/i_bd\/upload\/file\/ARTICULOS\/Deficiencia%20Auditiva%20Te%20Suena%202010.pdf\"><img loading=\"lazy\" decoding=\"async\" class=\"aligncenter wp-image-2312 size-full\" src=\"http:\/\/agora.xtec.cat\/ceip-catalunya-sabadell\/wp-content\/uploads\/usu823\/2018\/09\/descarga.jpg\" alt=\"\" width=\"189\" height=\"267\" \/><\/a><\/p>\n","protected":false},"excerpt":{"rendered":"<p>Diumenge 23 de setembre \u00e9s el dia internacional de la sordesa, per aix\u00f2 volem compartir amb tots vosaltres aquest c\u00f2mic.<br \/>\n(clica a la imatge)<br \/>\n<a href=\"http:\/\/www.oiresclave.org\/i_bd\/upload\/file\/ARTICULOS\/Deficiencia%20Auditiva%20Te%20Suena%202010.pdf\"><\/a><\/p>\n","protected":false},"author":19,"featured_media":0,"comment_status":"open","ping_status":"closed","sticky":false,"template":"","format":"standard","meta":{"_bbp_topic_count":0,"_bbp_reply_count":0,"_bbp_total_topic_count":0,"_bbp_total_reply_count":0,"_bbp_voice_count":0,"_bbp_anonymous_reply_count":0,"_bbp_topic_count_hidden":0,"_bbp_reply_count_hidden":0,"_bbp_forum_subforum_count":0,"footnotes":""},"categories":[113,1],"tags":[],"class_list":["post-2311","post","type-post","status-publish","format-standard","hentry","category-agrupament","category-general"],"post_mailing_queue_ids":[],"_links":{"self":[{"href":"https:\/\/agora.xtec.cat\/ceip-catalunya-sabadell\/wp-json\/wp\/v2\/posts\/2311","targetHints":{"allow":["GET"]}}],"collection":[{"href":"https:\/\/agora.xtec.cat\/ceip-catalunya-sabadell\/wp-json\/wp\/v2\/posts"}],"about":[{"href":"https:\/\/agora.xtec.cat\/ceip-catalunya-sabadell\/wp-json\/wp\/v2\/types\/post"}],"author":[{"embeddable":true,"href":"https:\/\/agora.xtec.cat\/ceip-catalunya-sabadell\/wp-json\/wp\/v2\/users\/19"}],"replies":[{"embeddable":true,"href":"https:\/\/agora.xtec.cat\/ceip-catalunya-sabadell\/wp-json\/wp\/v2\/comments?post=2311"}],"version-history":[{"count":3,"href":"https:\/\/agora.xtec.cat\/ceip-catalunya-sabadell\/wp-json\/wp\/v2\/posts\/2311\/revisions"}],"predecessor-version":[{"id":2327,"href":"https:\/\/agora.xtec.cat\/ceip-catalunya-sabadell\/wp-json\/wp\/v2\/posts\/2311\/revisions\/2327"}],"wp:attachment":[{"href":"https:\/\/agora.xtec.cat\/ceip-catalunya-sabadell\/wp-json\/wp\/v2\/media?parent=2311"}],"wp:term":[{"taxonomy":"category","embeddable":true,"href":"https:\/\/agora.xtec.cat\/ceip-catalunya-sabadell\/wp-json\/wp\/v2\/categories?post=2311"},{"taxonomy":"post_tag","embeddable":true,"href":"https:\/\/agora.xtec.cat\/ceip-catalunya-sabadell\/wp-json\/wp\/v2\/tags?post=2311"}],"curies":[{"name":"wp","href":"https:\/\/api.w.org\/{rel}","templated":true}]}}