{"id":2232,"date":"2018-06-19T16:06:10","date_gmt":"2018-06-19T14:06:10","guid":{"rendered":"http:\/\/agora.xtec.cat\/ceip-catalunya-sabadell\/?p=2232"},"modified":"2018-06-19T16:06:10","modified_gmt":"2018-06-19T14:06:10","slug":"sortida-al-bosc-de-la-salut-de-sabadell","status":"publish","type":"post","link":"https:\/\/agora.xtec.cat\/ceip-catalunya-sabadell\/infantil\/sortida-al-bosc-de-la-salut-de-sabadell\/","title":{"rendered":"SORTIDA AL BOSC DE LA SALUT DE SABADELL"},"content":{"rendered":"<p>Bon dia fam\u00edlies!<\/p>\n<p>Aqu\u00ed teniu el v\u00eddeo amb les fotos de la sortida que vem fer al Bosc de la Salut de Sabadell els \u00d3ssos, els Esquirols, les Tortugues i els Ping\u00fcins. Ens ho vem passar genial!!<\/p>\n<p>&nbsp;<\/p>\n<p><iframe loading=\"lazy\" src=\"\/\/www.youtube.com\/embed\/3EIaZtj3ExQ\" width=\"560\" height=\"314\"><\/iframe><\/p>\n<p>Fins la propera!<\/p>\n","protected":false},"excerpt":{"rendered":"<p>Bon dia fam\u00edlies!<br \/>\nAqu\u00ed teniu el v\u00eddeo amb les fotos de la sortida que vem fer al Bosc de la Salut de Sabadell els \u00d3ssos, els Esquirols, les Tortugues i els Ping\u00fcins. Ens ho vem passar genial!!<br \/>\n&nbsp;<\/p>\n<p>Fins la propera!<\/p>\n","protected":false},"author":40,"featured_media":2234,"comment_status":"open","ping_status":"closed","sticky":false,"template":"","format":"standard","meta":{"_bbp_topic_count":0,"_bbp_reply_count":0,"_bbp_total_topic_count":0,"_bbp_total_reply_count":0,"_bbp_voice_count":0,"_bbp_anonymous_reply_count":0,"_bbp_topic_count_hidden":0,"_bbp_reply_count_hidden":0,"_bbp_forum_subforum_count":0,"footnotes":""},"categories":[2],"tags":[],"class_list":["post-2232","post","type-post","status-publish","format-standard","has-post-thumbnail","hentry","category-infantil"],"post_mailing_queue_ids":[],"_links":{"self":[{"href":"https:\/\/agora.xtec.cat\/ceip-catalunya-sabadell\/wp-json\/wp\/v2\/posts\/2232","targetHints":{"allow":["GET"]}}],"collection":[{"href":"https:\/\/agora.xtec.cat\/ceip-catalunya-sabadell\/wp-json\/wp\/v2\/posts"}],"about":[{"href":"https:\/\/agora.xtec.cat\/ceip-catalunya-sabadell\/wp-json\/wp\/v2\/types\/post"}],"author":[{"embeddable":true,"href":"https:\/\/agora.xtec.cat\/ceip-catalunya-sabadell\/wp-json\/wp\/v2\/users\/40"}],"replies":[{"embeddable":true,"href":"https:\/\/agora.xtec.cat\/ceip-catalunya-sabadell\/wp-json\/wp\/v2\/comments?post=2232"}],"version-history":[{"count":1,"href":"https:\/\/agora.xtec.cat\/ceip-catalunya-sabadell\/wp-json\/wp\/v2\/posts\/2232\/revisions"}],"predecessor-version":[{"id":2233,"href":"https:\/\/agora.xtec.cat\/ceip-catalunya-sabadell\/wp-json\/wp\/v2\/posts\/2232\/revisions\/2233"}],"wp:featuredmedia":[{"embeddable":true,"href":"https:\/\/agora.xtec.cat\/ceip-catalunya-sabadell\/wp-json\/wp\/v2\/media\/2234"}],"wp:attachment":[{"href":"https:\/\/agora.xtec.cat\/ceip-catalunya-sabadell\/wp-json\/wp\/v2\/media?parent=2232"}],"wp:term":[{"taxonomy":"category","embeddable":true,"href":"https:\/\/agora.xtec.cat\/ceip-catalunya-sabadell\/wp-json\/wp\/v2\/categories?post=2232"},{"taxonomy":"post_tag","embeddable":true,"href":"https:\/\/agora.xtec.cat\/ceip-catalunya-sabadell\/wp-json\/wp\/v2\/tags?post=2232"}],"curies":[{"name":"wp","href":"https:\/\/api.w.org\/{rel}","templated":true}]}}