{"id":2209,"date":"2018-06-14T21:11:56","date_gmt":"2018-06-14T19:11:56","guid":{"rendered":"http:\/\/agora.xtec.cat\/ceip-catalunya-sabadell\/?p=2209"},"modified":"2018-06-14T21:11:56","modified_gmt":"2018-06-14T19:11:56","slug":"el-casting-i-assaig-dels-titelles","status":"publish","type":"post","link":"https:\/\/agora.xtec.cat\/ceip-catalunya-sabadell\/portada\/el-casting-i-assaig-dels-titelles\/","title":{"rendered":"El c\u00e0sting i assaig dels titelles"},"content":{"rendered":"<p>Benvolgudes fam\u00edlies,<\/p>\n<p>Arriba el final de curs i amb ell tanquem el projecte de titelles. Voleu saber com ens hem anat preparant abans de fer la GRAN ESTRENA?<\/p>\n<p>Aqu\u00ed us deixem un petit tastet del c\u00e0sting i els primers assajos fets&#8230;<\/p>\n<p>Esperem que gaudiu d&#8217;aquest petit resum i que estigueu desitjant veure el proc\u00e9s final.<\/p>\n<p><a href=\"http:\/\/agora.xtec.cat\/ceip-catalunya-sabadell\/wp-content\/uploads\/usu823\/2018\/06\/20180517_101013.jpg\"><img loading=\"lazy\" decoding=\"async\" class=\"alignnone wp-image-2210\" src=\"http:\/\/agora.xtec.cat\/ceip-catalunya-sabadell\/wp-content\/uploads\/usu823\/2018\/06\/20180517_101013-1024x576.jpg\" alt=\"\" width=\"615\" height=\"346\" srcset=\"https:\/\/agora.xtec.cat\/ceip-catalunya-sabadell\/wp-content\/uploads\/usu823\/2018\/06\/20180517_101013-1024x576.jpg 1024w, https:\/\/agora.xtec.cat\/ceip-catalunya-sabadell\/wp-content\/uploads\/usu823\/2018\/06\/20180517_101013-300x169.jpg 300w, https:\/\/agora.xtec.cat\/ceip-catalunya-sabadell\/wp-content\/uploads\/usu823\/2018\/06\/20180517_101013-768x432.jpg 768w\" sizes=\"auto, (max-width: 615px) 100vw, 615px\" \/><\/a><\/p>\n<p>Cliqueu al seg\u00fcent enlla\u00e7 per veure el v\u00eddeo:<\/p>\n<p><a href=\"https:\/\/drive.google.com\/open?id=1912_E43x_HBSFXvlsV9FKzfeQyAqeA-6\">C\u00e0sting i assaig de titelles: 1r<\/a><\/p>\n<p>&nbsp;<\/p>\n<p>&nbsp;<\/p>\n","protected":false},"excerpt":{"rendered":"<p>Benvolgudes fam\u00edlies,<br \/>\nArriba el final de curs i amb ell tanquem el projecte de titelles. Voleu saber com ens hem anat preparant abans de fer la GRAN ESTRENA?<br \/>\nAqu\u00ed us deixem un petit tastet del c\u00e0sting i els primers assajos fets&#8230;<br \/>\nEsperem que gaudiu d&#8217;aquest petit resum i&hellip;  <a href=\"https:\/\/agora.xtec.cat\/ceip-catalunya-sabadell\/portada\/el-casting-i-assaig-dels-titelles\/\" title=\"Read El c\u00e0sting i assaig dels titelles\">Llegeix m\u00e9s\u00bb<\/a><\/p>\n","protected":false},"author":27,"featured_media":2210,"comment_status":"open","ping_status":"closed","sticky":false,"template":"","format":"standard","meta":{"_bbp_topic_count":0,"_bbp_reply_count":0,"_bbp_total_topic_count":0,"_bbp_total_reply_count":0,"_bbp_voice_count":0,"_bbp_anonymous_reply_count":0,"_bbp_topic_count_hidden":0,"_bbp_reply_count_hidden":0,"_bbp_forum_subforum_count":0,"footnotes":""},"categories":[4,37],"tags":[],"class_list":["post-2209","post","type-post","status-publish","format-standard","has-post-thumbnail","hentry","category-portada","category-teatre"],"post_mailing_queue_ids":[],"_links":{"self":[{"href":"https:\/\/agora.xtec.cat\/ceip-catalunya-sabadell\/wp-json\/wp\/v2\/posts\/2209","targetHints":{"allow":["GET"]}}],"collection":[{"href":"https:\/\/agora.xtec.cat\/ceip-catalunya-sabadell\/wp-json\/wp\/v2\/posts"}],"about":[{"href":"https:\/\/agora.xtec.cat\/ceip-catalunya-sabadell\/wp-json\/wp\/v2\/types\/post"}],"author":[{"embeddable":true,"href":"https:\/\/agora.xtec.cat\/ceip-catalunya-sabadell\/wp-json\/wp\/v2\/users\/27"}],"replies":[{"embeddable":true,"href":"https:\/\/agora.xtec.cat\/ceip-catalunya-sabadell\/wp-json\/wp\/v2\/comments?post=2209"}],"version-history":[{"count":3,"href":"https:\/\/agora.xtec.cat\/ceip-catalunya-sabadell\/wp-json\/wp\/v2\/posts\/2209\/revisions"}],"predecessor-version":[{"id":2213,"href":"https:\/\/agora.xtec.cat\/ceip-catalunya-sabadell\/wp-json\/wp\/v2\/posts\/2209\/revisions\/2213"}],"wp:featuredmedia":[{"embeddable":true,"href":"https:\/\/agora.xtec.cat\/ceip-catalunya-sabadell\/wp-json\/wp\/v2\/media\/2210"}],"wp:attachment":[{"href":"https:\/\/agora.xtec.cat\/ceip-catalunya-sabadell\/wp-json\/wp\/v2\/media?parent=2209"}],"wp:term":[{"taxonomy":"category","embeddable":true,"href":"https:\/\/agora.xtec.cat\/ceip-catalunya-sabadell\/wp-json\/wp\/v2\/categories?post=2209"},{"taxonomy":"post_tag","embeddable":true,"href":"https:\/\/agora.xtec.cat\/ceip-catalunya-sabadell\/wp-json\/wp\/v2\/tags?post=2209"}],"curies":[{"name":"wp","href":"https:\/\/api.w.org\/{rel}","templated":true}]}}