{"id":2206,"date":"2018-06-15T07:39:39","date_gmt":"2018-06-15T05:39:39","guid":{"rendered":"http:\/\/agora.xtec.cat\/ceip-catalunya-sabadell\/?p=2206"},"modified":"2018-06-15T11:08:08","modified_gmt":"2018-06-15T09:08:08","slug":"colonies-cala-montjoi-2018","status":"publish","type":"post","link":"https:\/\/agora.xtec.cat\/ceip-catalunya-sabadell\/general\/colonies-cala-montjoi-2018\/","title":{"rendered":"Col\u00f2nies Cala Montjoi 2018"},"content":{"rendered":"<p>Els nens i nenes de sis\u00e8 hem gaudit d&#8217;unes col\u00f2nies \u00faniques, plenes d&#8217;emocions i viv\u00e8ncies, la millor manera per acomiadar-se d&#8217;aquesta etapa de prim\u00e0ria. Us trobarem molt a faltar!<\/p>\n<p>En aquest enlla\u00e7 trobareu un munt de fotos d&#8217;aquesta experi\u00e8ncia.<\/p>\n<p><a href=\"https:\/\/photos.app.goo.gl\/JqMENEQenJZWL6do8\">https:\/\/photos.app.goo.gl\/JqMENEQenJZWL6do8<\/a><\/p>\n","protected":false},"excerpt":{"rendered":"<p>Els nens i nenes de sis\u00e8 hem gaudit d&#8217;unes col\u00f2nies \u00faniques, plenes d&#8217;emocions i viv\u00e8ncies, la millor manera per acomiadar-se d&#8217;aquesta etapa de prim\u00e0ria. Us trobarem molt a faltar!<br \/>\nEn aquest enlla\u00e7 trobareu un munt de fotos d&#8217;aquesta experi\u00e8ncia.<br \/>\n<a href=\"https:\/\/photos.app.goo.gl\/JqMENEQenJZWL6do8\">https:\/\/photos.app.goo.gl\/JqMENEQenJZWL6do8<\/a><\/p>\n","protected":false},"author":1,"featured_media":2214,"comment_status":"open","ping_status":"closed","sticky":false,"template":"","format":"standard","meta":{"_bbp_topic_count":0,"_bbp_reply_count":0,"_bbp_total_topic_count":0,"_bbp_total_reply_count":0,"_bbp_voice_count":0,"_bbp_anonymous_reply_count":0,"_bbp_topic_count_hidden":0,"_bbp_reply_count_hidden":0,"_bbp_forum_subforum_count":0,"footnotes":""},"categories":[15,1,5],"tags":[],"class_list":["post-2206","post","type-post","status-publish","format-standard","has-post-thumbnail","hentry","category-6e","category-general","category-primaria"],"post_mailing_queue_ids":[],"_links":{"self":[{"href":"https:\/\/agora.xtec.cat\/ceip-catalunya-sabadell\/wp-json\/wp\/v2\/posts\/2206","targetHints":{"allow":["GET"]}}],"collection":[{"href":"https:\/\/agora.xtec.cat\/ceip-catalunya-sabadell\/wp-json\/wp\/v2\/posts"}],"about":[{"href":"https:\/\/agora.xtec.cat\/ceip-catalunya-sabadell\/wp-json\/wp\/v2\/types\/post"}],"author":[{"embeddable":true,"href":"https:\/\/agora.xtec.cat\/ceip-catalunya-sabadell\/wp-json\/wp\/v2\/users\/1"}],"replies":[{"embeddable":true,"href":"https:\/\/agora.xtec.cat\/ceip-catalunya-sabadell\/wp-json\/wp\/v2\/comments?post=2206"}],"version-history":[{"count":3,"href":"https:\/\/agora.xtec.cat\/ceip-catalunya-sabadell\/wp-json\/wp\/v2\/posts\/2206\/revisions"}],"predecessor-version":[{"id":2222,"href":"https:\/\/agora.xtec.cat\/ceip-catalunya-sabadell\/wp-json\/wp\/v2\/posts\/2206\/revisions\/2222"}],"wp:featuredmedia":[{"embeddable":true,"href":"https:\/\/agora.xtec.cat\/ceip-catalunya-sabadell\/wp-json\/wp\/v2\/media\/2214"}],"wp:attachment":[{"href":"https:\/\/agora.xtec.cat\/ceip-catalunya-sabadell\/wp-json\/wp\/v2\/media?parent=2206"}],"wp:term":[{"taxonomy":"category","embeddable":true,"href":"https:\/\/agora.xtec.cat\/ceip-catalunya-sabadell\/wp-json\/wp\/v2\/categories?post=2206"},{"taxonomy":"post_tag","embeddable":true,"href":"https:\/\/agora.xtec.cat\/ceip-catalunya-sabadell\/wp-json\/wp\/v2\/tags?post=2206"}],"curies":[{"name":"wp","href":"https:\/\/api.w.org\/{rel}","templated":true}]}}