{"id":2163,"date":"2018-06-05T14:41:19","date_gmt":"2018-06-05T12:41:19","guid":{"rendered":"http:\/\/agora.xtec.cat\/ceip-catalunya-sabadell\/?p=2163"},"modified":"2018-06-05T14:41:19","modified_gmt":"2018-06-05T12:41:19","slug":"sortida-al-trenet-del-parc-catalunya","status":"publish","type":"post","link":"https:\/\/agora.xtec.cat\/ceip-catalunya-sabadell\/infantil\/sortida-al-trenet-del-parc-catalunya\/","title":{"rendered":"SORTIDA AL TRENET DEL PARC CATALUNYA"},"content":{"rendered":"<p>Bon dia fam\u00edlies!!<\/p>\n<p>El passat divendres els \u00d3ssos i els Esquirols varem fer una sortida al Trenet del Parc Catalunya. Vem con\u00e8ixer de primera m\u00e0 com era la feina del venedor de bitllets, com eren els trens, les vies&#8230;. Vem fer un recorregut pel parc pujats al tren i despr\u00e9s vem esmorzar tots plegats a l&#8217;entrada de l&#8217;estaci\u00f3.<\/p>\n<p>Ens ho vem passar genial! Aqu\u00ed teniu les fotos!!<\/p>\n<p><iframe loading=\"lazy\" src=\"\/\/www.youtube.com\/embed\/QW-1f8MB03k\" width=\"560\" height=\"314\"><\/iframe><\/p>\n<p>Fins la propera!!<\/p>\n","protected":false},"excerpt":{"rendered":"<p>Bon dia fam\u00edlies!!<br \/>\nEl passat divendres els \u00d3ssos i els Esquirols varem fer una sortida al Trenet del Parc Catalunya. Vem con\u00e8ixer de primera m\u00e0 com era la feina del venedor de bitllets, com eren els trens, les vies&#8230;. Vem fer un recorregut pel parc pujats&hellip;  <a href=\"https:\/\/agora.xtec.cat\/ceip-catalunya-sabadell\/infantil\/sortida-al-trenet-del-parc-catalunya\/\" title=\"Read SORTIDA AL TRENET DEL PARC CATALUNYA\">Llegeix m\u00e9s\u00bb<\/a><\/p>\n","protected":false},"author":40,"featured_media":0,"comment_status":"open","ping_status":"closed","sticky":false,"template":"","format":"standard","meta":{"_bbp_topic_count":0,"_bbp_reply_count":0,"_bbp_total_topic_count":0,"_bbp_total_reply_count":0,"_bbp_voice_count":0,"_bbp_anonymous_reply_count":0,"_bbp_topic_count_hidden":0,"_bbp_reply_count_hidden":0,"_bbp_forum_subforum_count":0,"footnotes":""},"categories":[2],"tags":[],"class_list":["post-2163","post","type-post","status-publish","format-standard","hentry","category-infantil"],"post_mailing_queue_ids":[],"_links":{"self":[{"href":"https:\/\/agora.xtec.cat\/ceip-catalunya-sabadell\/wp-json\/wp\/v2\/posts\/2163","targetHints":{"allow":["GET"]}}],"collection":[{"href":"https:\/\/agora.xtec.cat\/ceip-catalunya-sabadell\/wp-json\/wp\/v2\/posts"}],"about":[{"href":"https:\/\/agora.xtec.cat\/ceip-catalunya-sabadell\/wp-json\/wp\/v2\/types\/post"}],"author":[{"embeddable":true,"href":"https:\/\/agora.xtec.cat\/ceip-catalunya-sabadell\/wp-json\/wp\/v2\/users\/40"}],"replies":[{"embeddable":true,"href":"https:\/\/agora.xtec.cat\/ceip-catalunya-sabadell\/wp-json\/wp\/v2\/comments?post=2163"}],"version-history":[{"count":1,"href":"https:\/\/agora.xtec.cat\/ceip-catalunya-sabadell\/wp-json\/wp\/v2\/posts\/2163\/revisions"}],"predecessor-version":[{"id":2164,"href":"https:\/\/agora.xtec.cat\/ceip-catalunya-sabadell\/wp-json\/wp\/v2\/posts\/2163\/revisions\/2164"}],"wp:attachment":[{"href":"https:\/\/agora.xtec.cat\/ceip-catalunya-sabadell\/wp-json\/wp\/v2\/media?parent=2163"}],"wp:term":[{"taxonomy":"category","embeddable":true,"href":"https:\/\/agora.xtec.cat\/ceip-catalunya-sabadell\/wp-json\/wp\/v2\/categories?post=2163"},{"taxonomy":"post_tag","embeddable":true,"href":"https:\/\/agora.xtec.cat\/ceip-catalunya-sabadell\/wp-json\/wp\/v2\/tags?post=2163"}],"curies":[{"name":"wp","href":"https:\/\/api.w.org\/{rel}","templated":true}]}}